{"id":3065,"date":"2020-10-04T21:33:52","date_gmt":"2020-10-04T19:33:52","guid":{"rendered":"http:\/\/agora.xtec.cat\/escolabacdecerdanya\/?p=3065"},"modified":"2020-10-04T21:33:58","modified_gmt":"2020-10-04T19:33:58","slug":"sortida-a-la-bassa-de-sanavastre-amb-cicle-mitja","status":"publish","type":"post","link":"https:\/\/agora.xtec.cat\/escolabacdecerdanya\/general\/sortida-a-la-bassa-de-sanavastre-amb-cicle-mitja\/","title":{"rendered":"SORTIDA A LA BASSA DE SANAVASTRE AMB CICLE MITJ\u00c0"},"content":{"rendered":"<p><a href=\"https:\/\/photos.app.goo.gl\/y5BEmr6W9WbXzz2t9\"><img loading=\"lazy\" decoding=\"async\" class=\"size-full wp-image-3067 aligncenter\" src=\"https:\/\/agora.xtec.cat\/escolabacdecerdanya\/wp-content\/uploads\/usu1753\/2020\/10\/IMG_8864_opt.jpg\" alt=\"\" width=\"400\" height=\"300\" srcset=\"https:\/\/agora.xtec.cat\/escolabacdecerdanya\/wp-content\/uploads\/usu1753\/2020\/10\/IMG_8864_opt.jpg 400w, https:\/\/agora.xtec.cat\/escolabacdecerdanya\/wp-content\/uploads\/usu1753\/2020\/10\/IMG_8864_opt-300x225.jpg 300w, https:\/\/agora.xtec.cat\/escolabacdecerdanya\/wp-content\/uploads\/usu1753\/2020\/10\/IMG_8864_opt-200x150.jpg 200w\" sizes=\"auto, (max-width: 400px) 100vw, 400px\" \/><\/a><\/p>\n<p>La bassa de Sanavastre \u00e9s una antiga extracci\u00f3 de lignit, una varietat de carb\u00f3 utilitzat en l&#8217;agricultura i la ind\u00fastria. Arrel de les continues inundacions es va deixar d&#8217;extreure lignit i s&#8217;hi ha creat un microclima de gran inter\u00e8s. A cicle mitj\u00e0 l&#8217;estem treballant i per aix\u00f2 vam anar visitar-la. Vam fer activitats per recon\u00e8ixer la fauna i la flora d&#8217;all\u00e0 a la vegada que f\u00e8iem esport. Tot un \u00e8xit!<\/p>\n","protected":false},"excerpt":{"rendered":"<p><a href=\"https:\/\/photos.app.goo.gl\/y5BEmr6W9WbXzz2t9\"><\/a><br \/>\nLa bassa de Sanavastre \u00e9s una antiga extracci\u00f3 de lignit, una varietat de carb\u00f3 utilitzat en l&#8217;agricultura i la ind\u00fastria. Arrel de les continues inundacions es va deixar d&#8217;extreure lignit i s&#8217;hi ha creat un microclima de gran inter\u00e8s. A cicle mitj\u00e0 l&#8217;estem treballant&hellip;  <a href=\"https:\/\/agora.xtec.cat\/escolabacdecerdanya\/general\/sortida-a-la-bassa-de-sanavastre-amb-cicle-mitja\/\" title=\"Read SORTIDA A LA BASSA DE SANAVASTRE AMB CICLE MITJ\u00c0\">Llegeix m\u00e9s\u00bb<\/a><\/p>\n","protected":false},"author":6,"featured_media":3067,"comment_status":"open","ping_status":"closed","sticky":false,"template":"","format":"standard","meta":{"_bbp_topic_count":0,"_bbp_reply_count":0,"_bbp_total_topic_count":0,"_bbp_total_reply_count":0,"_bbp_voice_count":0,"_bbp_anonymous_reply_count":0,"_bbp_topic_count_hidden":0,"_bbp_reply_count_hidden":0,"_bbp_forum_subforum_count":0,"footnotes":""},"categories":[12,13,105,1,4,86],"tags":[],"class_list":["post-3065","post","type-post","status-publish","format-standard","has-post-thumbnail","hentry","category-3r","category-4t","category-mitja","category-general","category-portada","category-sortida"],"post_mailing_queue_ids":[],"_links":{"self":[{"href":"https:\/\/agora.xtec.cat\/escolabacdecerdanya\/wp-json\/wp\/v2\/posts\/3065","targetHints":{"allow":["GET"]}}],"collection":[{"href":"https:\/\/agora.xtec.cat\/escolabacdecerdanya\/wp-json\/wp\/v2\/posts"}],"about":[{"href":"https:\/\/agora.xtec.cat\/escolabacdecerdanya\/wp-json\/wp\/v2\/types\/post"}],"author":[{"embeddable":true,"href":"https:\/\/agora.xtec.cat\/escolabacdecerdanya\/wp-json\/wp\/v2\/users\/6"}],"replies":[{"embeddable":true,"href":"https:\/\/agora.xtec.cat\/escolabacdecerdanya\/wp-json\/wp\/v2\/comments?post=3065"}],"version-history":[{"count":3,"href":"https:\/\/agora.xtec.cat\/escolabacdecerdanya\/wp-json\/wp\/v2\/posts\/3065\/revisions"}],"predecessor-version":[{"id":3080,"href":"https:\/\/agora.xtec.cat\/escolabacdecerdanya\/wp-json\/wp\/v2\/posts\/3065\/revisions\/3080"}],"wp:featuredmedia":[{"embeddable":true,"href":"https:\/\/agora.xtec.cat\/escolabacdecerdanya\/wp-json\/wp\/v2\/media\/3067"}],"wp:attachment":[{"href":"https:\/\/agora.xtec.cat\/escolabacdecerdanya\/wp-json\/wp\/v2\/media?parent=3065"}],"wp:term":[{"taxonomy":"category","embeddable":true,"href":"https:\/\/agora.xtec.cat\/escolabacdecerdanya\/wp-json\/wp\/v2\/categories?post=3065"},{"taxonomy":"post_tag","embeddable":true,"href":"https:\/\/agora.xtec.cat\/escolabacdecerdanya\/wp-json\/wp\/v2\/tags?post=3065"}],"curies":[{"name":"wp","href":"https:\/\/api.w.org\/{rel}","templated":true}]}}