{"id":3050,"date":"2020-10-02T16:12:22","date_gmt":"2020-10-02T14:12:22","guid":{"rendered":"http:\/\/agora.xtec.cat\/escolabacdecerdanya\/?p=3050"},"modified":"2020-10-02T16:12:22","modified_gmt":"2020-10-02T14:12:22","slug":"sortida-en-bicicleta-a-bolvir-cicle-superior","status":"publish","type":"post","link":"https:\/\/agora.xtec.cat\/escolabacdecerdanya\/general\/sortida-en-bicicleta-a-bolvir-cicle-superior\/","title":{"rendered":"SORTIDA EN BICICLETA A BOLVIR (Cicle Superior)"},"content":{"rendered":"<p>El dia 30 de setembre, els nens\/es de cicle superior vam fer la sortida en bicicleta. Vam sortir d&#8217;Alp i vam anar fins a Bolvir per veure el jaciment que s&#8217;hi ha descobert i el museu. All\u00e0 vam poder fer tallers i veure l&#8217;excavaci\u00f3. Despr\u00e9s vam dinar i vam tornar a l&#8217;escola. Pel cam\u00ed vam passar pels pobles d&#8217;Estoll, Soriguerola, Talltorta, Sanavastre i Mosoll. Ens va fer un dia molt bonic, vam poder gaudir i veure moltes coses que hem treballat a la classe.<\/p>\n<p><a href=\"https:\/\/photos.app.goo.gl\/RAM9Z7mruvpm8Yp67\"><img loading=\"lazy\" decoding=\"async\" class=\"wp-image-3052 aligncenter\" src=\"https:\/\/agora.xtec.cat\/escolabacdecerdanya\/wp-content\/uploads\/usu1753\/2020\/10\/8EECEC33-2126-443D-B561-28F2A807CB07-1024x768.jpg\" alt=\"\" width=\"481\" height=\"361\" srcset=\"https:\/\/agora.xtec.cat\/escolabacdecerdanya\/wp-content\/uploads\/usu1753\/2020\/10\/8EECEC33-2126-443D-B561-28F2A807CB07.jpg 1024w, https:\/\/agora.xtec.cat\/escolabacdecerdanya\/wp-content\/uploads\/usu1753\/2020\/10\/8EECEC33-2126-443D-B561-28F2A807CB07-300x225.jpg 300w, https:\/\/agora.xtec.cat\/escolabacdecerdanya\/wp-content\/uploads\/usu1753\/2020\/10\/8EECEC33-2126-443D-B561-28F2A807CB07-768x576.jpg 768w, https:\/\/agora.xtec.cat\/escolabacdecerdanya\/wp-content\/uploads\/usu1753\/2020\/10\/8EECEC33-2126-443D-B561-28F2A807CB07-200x150.jpg 200w\" sizes=\"auto, (max-width: 481px) 100vw, 481px\" \/><\/a><\/p>\n","protected":false},"excerpt":{"rendered":"<p>El dia 30 de setembre, els nens\/es de cicle superior vam fer la sortida en bicicleta. Vam sortir d&#8217;Alp i vam anar fins a Bolvir per veure el jaciment que s&#8217;hi ha descobert i el museu. All\u00e0 vam poder fer tallers i veure l&#8217;excavaci\u00f3. Despr\u00e9s&hellip;  <a href=\"https:\/\/agora.xtec.cat\/escolabacdecerdanya\/general\/sortida-en-bicicleta-a-bolvir-cicle-superior\/\" title=\"Read SORTIDA EN BICICLETA A BOLVIR (Cicle Superior)\">Llegeix m\u00e9s\u00bb<\/a><\/p>\n","protected":false},"author":15,"featured_media":3051,"comment_status":"open","ping_status":"closed","sticky":false,"template":"","format":"standard","meta":{"_bbp_topic_count":0,"_bbp_reply_count":0,"_bbp_total_topic_count":0,"_bbp_total_reply_count":0,"_bbp_voice_count":0,"_bbp_anonymous_reply_count":0,"_bbp_topic_count_hidden":0,"_bbp_reply_count_hidden":0,"_bbp_forum_subforum_count":0,"footnotes":""},"categories":[76,1,4],"tags":[],"class_list":["post-3050","post","type-post","status-publish","format-standard","has-post-thumbnail","hentry","category-cicle-superior","category-general","category-portada"],"post_mailing_queue_ids":[],"_links":{"self":[{"href":"https:\/\/agora.xtec.cat\/escolabacdecerdanya\/wp-json\/wp\/v2\/posts\/3050","targetHints":{"allow":["GET"]}}],"collection":[{"href":"https:\/\/agora.xtec.cat\/escolabacdecerdanya\/wp-json\/wp\/v2\/posts"}],"about":[{"href":"https:\/\/agora.xtec.cat\/escolabacdecerdanya\/wp-json\/wp\/v2\/types\/post"}],"author":[{"embeddable":true,"href":"https:\/\/agora.xtec.cat\/escolabacdecerdanya\/wp-json\/wp\/v2\/users\/15"}],"replies":[{"embeddable":true,"href":"https:\/\/agora.xtec.cat\/escolabacdecerdanya\/wp-json\/wp\/v2\/comments?post=3050"}],"version-history":[{"count":1,"href":"https:\/\/agora.xtec.cat\/escolabacdecerdanya\/wp-json\/wp\/v2\/posts\/3050\/revisions"}],"predecessor-version":[{"id":3053,"href":"https:\/\/agora.xtec.cat\/escolabacdecerdanya\/wp-json\/wp\/v2\/posts\/3050\/revisions\/3053"}],"wp:featuredmedia":[{"embeddable":true,"href":"https:\/\/agora.xtec.cat\/escolabacdecerdanya\/wp-json\/wp\/v2\/media\/3051"}],"wp:attachment":[{"href":"https:\/\/agora.xtec.cat\/escolabacdecerdanya\/wp-json\/wp\/v2\/media?parent=3050"}],"wp:term":[{"taxonomy":"category","embeddable":true,"href":"https:\/\/agora.xtec.cat\/escolabacdecerdanya\/wp-json\/wp\/v2\/categories?post=3050"},{"taxonomy":"post_tag","embeddable":true,"href":"https:\/\/agora.xtec.cat\/escolabacdecerdanya\/wp-json\/wp\/v2\/tags?post=3050"}],"curies":[{"name":"wp","href":"https:\/\/api.w.org\/{rel}","templated":true}]}}