{"id":3037,"date":"2020-09-25T15:40:23","date_gmt":"2020-09-25T13:40:23","guid":{"rendered":"http:\/\/agora.xtec.cat\/escolabacdecerdanya\/?p=3037"},"modified":"2020-09-25T15:40:23","modified_gmt":"2020-09-25T13:40:23","slug":"entrega-de-premis-jocs-florals-de-cerdanya-2020","status":"publish","type":"post","link":"https:\/\/agora.xtec.cat\/escolabacdecerdanya\/general\/entrega-de-premis-jocs-florals-de-cerdanya-2020\/","title":{"rendered":"Entrega de premis JOCS FLORALS DE CERDANYA 2020"},"content":{"rendered":"<p>La Lal\u00eds, la Vega i la Sandra han estat guanyadores de 4 premis dels Jocs Florals de Cerdanya 2020 !<\/p>\n<p>Com aquest any per Sant Jordi est\u00e0vem confinats no es va poder fer l&#8217;entrega de premis com de costum.<\/p>\n<p>\u00c9s per aix\u00f2 que avui ha vingut a l&#8217;escola el Sr. Igor Roig, regidor de festes de l&#8217;Ajuntament d&#8217;Alp, a port<span style=\"font-family: inherit;font-size: 1em\">ar els premis a les t<\/span><span style=\"font-family: inherit;font-size: 1em\">res <\/span><span style=\"font-family: inherit;font-size: 1em\">nenes\u00a0guanyadores. Juntament amb l&#8217;Alba Olcina, mestra de l&#8217;escola que tamb\u00e9 va formar part del jurat dels Jocs Florals, han fet entrega dels premis a les tres guanyadores:<\/span><\/p>\n<p><img loading=\"lazy\" decoding=\"async\" class=\"wp-image-3038 alignnone\" src=\"https:\/\/agora.xtec.cat\/escolabacdecerdanya\/wp-content\/uploads\/usu1753\/2020\/09\/lal\u00eds-1024x908.jpg\" alt=\"\" width=\"316\" height=\"280\" srcset=\"https:\/\/agora.xtec.cat\/escolabacdecerdanya\/wp-content\/uploads\/usu1753\/2020\/09\/lal\u00eds-1024x908.jpg 1024w, https:\/\/agora.xtec.cat\/escolabacdecerdanya\/wp-content\/uploads\/usu1753\/2020\/09\/lal\u00eds-300x266.jpg 300w, https:\/\/agora.xtec.cat\/escolabacdecerdanya\/wp-content\/uploads\/usu1753\/2020\/09\/lal\u00eds-768x681.jpg 768w\" sizes=\"auto, (max-width: 316px) 100vw, 316px\" \/> \u00a0<span style=\"font-family: inherit;font-size: 1em\"><a style=\"font-family: inherit;font-size: 1em\" href=\"https:\/\/agora.xtec.cat\/escolabacdecerdanya\/wp-content\/uploads\/usu1753\/2020\/09\/vega.jpg\"><img loading=\"lazy\" decoding=\"async\" class=\"wp-image-3040 alignnone\" src=\"https:\/\/agora.xtec.cat\/escolabacdecerdanya\/wp-content\/uploads\/usu1753\/2020\/09\/vega-768x1024.jpg\" alt=\"\" width=\"209\" height=\"279\" srcset=\"https:\/\/agora.xtec.cat\/escolabacdecerdanya\/wp-content\/uploads\/usu1753\/2020\/09\/vega-768x1024.jpg 768w, https:\/\/agora.xtec.cat\/escolabacdecerdanya\/wp-content\/uploads\/usu1753\/2020\/09\/vega-225x300.jpg 225w\" sizes=\"auto, (max-width: 209px) 100vw, 209px\" \/>\u00a0<\/a><\/span> <img loading=\"lazy\" decoding=\"async\" class=\"wp-image-3041 alignnone\" src=\"https:\/\/agora.xtec.cat\/escolabacdecerdanya\/wp-content\/uploads\/usu1753\/2020\/09\/sandra-799x1024.jpg\" alt=\"\" width=\"216\" height=\"276\" srcset=\"https:\/\/agora.xtec.cat\/escolabacdecerdanya\/wp-content\/uploads\/usu1753\/2020\/09\/sandra-799x1024.jpg 799w, https:\/\/agora.xtec.cat\/escolabacdecerdanya\/wp-content\/uploads\/usu1753\/2020\/09\/sandra-234x300.jpg 234w, https:\/\/agora.xtec.cat\/escolabacdecerdanya\/wp-content\/uploads\/usu1753\/2020\/09\/sandra-768x984.jpg 768w\" sizes=\"auto, (max-width: 216px) 100vw, 216px\" \/><\/p>\n<p>LAL\u00cdS MASD\u00c9U CASAMITJANA:\u00a0 3r premi de poesia Grandalla.<span style=\"font-family: inherit;font-size: 1em\"><img loading=\"lazy\" decoding=\"async\" class=\"wp-image-3039 alignright\" src=\"https:\/\/agora.xtec.cat\/escolabacdecerdanya\/wp-content\/uploads\/usu1753\/2020\/09\/jocs-florals-768x1024.jpg\" alt=\"\" width=\"176\" height=\"235\" srcset=\"https:\/\/agora.xtec.cat\/escolabacdecerdanya\/wp-content\/uploads\/usu1753\/2020\/09\/jocs-florals-768x1024.jpg 768w, https:\/\/agora.xtec.cat\/escolabacdecerdanya\/wp-content\/uploads\/usu1753\/2020\/09\/jocs-florals-225x300.jpg 225w\" sizes=\"auto, (max-width: 176px) 100vw, 176px\" \/><\/span><\/p>\n<p>VEGA GIL GA<span style=\"font-family: inherit;font-size: 1em\">RC\u00cdA: 1<\/span><span style=\"font-family: inherit;font-size: 1em\">r premi de prosa Moixer\u00f3 i 3r premi de poesia<\/span><span style=\"font-family: inherit;font-size: 1em\"> Genciana.<\/span><\/p>\n<p>SANDRA BOBER VILLAR\u00d3: 2n premi de poesia Genciana.<\/p>\n<p>Si voleu llegir les seves obres ho podreu fer al llibre que ha publicat l&#8217;Ajuntament d&#8217;Alp.<\/p>\n<p>Des de l&#8217;escola volem donar les gr\u00e0cies a l&#8217;Ajuntament d&#8217;Alp per haver vingut a l&#8217;escola a fer l&#8217;entrega de premis. Que la situaci\u00f3 de pand\u00e8mia que vivim avui no tregui import\u00e0ncia a actes culturals com aquest!<\/p>\n","protected":false},"excerpt":{"rendered":"<p>La Lal\u00eds, la Vega i la Sandra han estat guanyadores de 4 premis dels Jocs Florals de Cerdanya 2020 !<br \/>\nCom aquest any per Sant Jordi est\u00e0vem confinats no es va poder fer l&#8217;entrega de premis com de costum.<br \/>\n\u00c9s per aix\u00f2 que avui ha vingut a&hellip;  <a href=\"https:\/\/agora.xtec.cat\/escolabacdecerdanya\/general\/entrega-de-premis-jocs-florals-de-cerdanya-2020\/\" title=\"Read Entrega de premis JOCS FLORALS DE CERDANYA 2020\">Llegeix m\u00e9s\u00bb<\/a><\/p>\n","protected":false},"author":8,"featured_media":3039,"comment_status":"open","ping_status":"closed","sticky":false,"template":"","format":"standard","meta":{"_bbp_topic_count":0,"_bbp_reply_count":0,"_bbp_total_topic_count":0,"_bbp_total_reply_count":0,"_bbp_voice_count":0,"_bbp_anonymous_reply_count":0,"_bbp_topic_count_hidden":0,"_bbp_reply_count_hidden":0,"_bbp_forum_subforum_count":0,"footnotes":""},"categories":[14,15,76,1,90,4,92],"tags":[],"class_list":["post-3037","post","type-post","status-publish","format-standard","has-post-thumbnail","hentry","category-5e","category-6e","category-cicle-superior","category-general","category-jocs-florals","category-portada","category-sant-jordi"],"post_mailing_queue_ids":[],"_links":{"self":[{"href":"https:\/\/agora.xtec.cat\/escolabacdecerdanya\/wp-json\/wp\/v2\/posts\/3037","targetHints":{"allow":["GET"]}}],"collection":[{"href":"https:\/\/agora.xtec.cat\/escolabacdecerdanya\/wp-json\/wp\/v2\/posts"}],"about":[{"href":"https:\/\/agora.xtec.cat\/escolabacdecerdanya\/wp-json\/wp\/v2\/types\/post"}],"author":[{"embeddable":true,"href":"https:\/\/agora.xtec.cat\/escolabacdecerdanya\/wp-json\/wp\/v2\/users\/8"}],"replies":[{"embeddable":true,"href":"https:\/\/agora.xtec.cat\/escolabacdecerdanya\/wp-json\/wp\/v2\/comments?post=3037"}],"version-history":[{"count":1,"href":"https:\/\/agora.xtec.cat\/escolabacdecerdanya\/wp-json\/wp\/v2\/posts\/3037\/revisions"}],"predecessor-version":[{"id":3042,"href":"https:\/\/agora.xtec.cat\/escolabacdecerdanya\/wp-json\/wp\/v2\/posts\/3037\/revisions\/3042"}],"wp:featuredmedia":[{"embeddable":true,"href":"https:\/\/agora.xtec.cat\/escolabacdecerdanya\/wp-json\/wp\/v2\/media\/3039"}],"wp:attachment":[{"href":"https:\/\/agora.xtec.cat\/escolabacdecerdanya\/wp-json\/wp\/v2\/media?parent=3037"}],"wp:term":[{"taxonomy":"category","embeddable":true,"href":"https:\/\/agora.xtec.cat\/escolabacdecerdanya\/wp-json\/wp\/v2\/categories?post=3037"},{"taxonomy":"post_tag","embeddable":true,"href":"https:\/\/agora.xtec.cat\/escolabacdecerdanya\/wp-json\/wp\/v2\/tags?post=3037"}],"curies":[{"name":"wp","href":"https:\/\/api.w.org\/{rel}","templated":true}]}}