{"id":3031,"date":"2020-09-24T23:28:46","date_gmt":"2020-09-24T21:28:46","guid":{"rendered":"http:\/\/agora.xtec.cat\/escolabacdecerdanya\/?p=3031"},"modified":"2020-09-24T23:28:46","modified_gmt":"2020-09-24T21:28:46","slug":"presentacio-reunions-pares-educacio-infantil","status":"publish","type":"post","link":"https:\/\/agora.xtec.cat\/escolabacdecerdanya\/general\/presentacio-reunions-pares-educacio-infantil\/","title":{"rendered":"PRESENTACI\u00d3 REUNIONS PARES EDUCACI\u00d3 INFANTIL"},"content":{"rendered":"<p>FAM\u00cdLIES: Us deixem la presentaci\u00f3 de les reunions de pares que hem fet durant els primers dies de curs.<\/p>\n<p style=\"text-align: left\">Dir-vos que continuarem treballant com ho hem fet els \u00faltims cursos: matem\u00e0tiques manipulatives a partir del projecte (llibres) AXIOMA de l&#8217;editorial Barcanova, els projectes de classe i de l&#8217;entorn proper, l&#8217;educaci\u00f3 emocional, les noves tecnologies(tablet, ordinador i rob\u00f2tica),Programa de\u00a0 Desenvolupament B\u00e0sic (circu\u00eft, Bits i pr\u00e0ctiques bucofonat\u00f2ries),angl\u00e8s,tra\u00e7 i molt m\u00e9s.<\/p>\n<p style=\"text-align: left\">Recordar-vos que:\u00a0 el tovall\u00f3 s&#8217;ha de canviar cada dia i la bata la posarem a la motxilla si ens sembla que est\u00e1 molt bruta, \u00e9s a dir que potser\u00a0 la portaran m\u00e9s d&#8217;un dia a la setmana cap a casa. <a href=\"https:\/\/agora.xtec.cat\/escolabacdecerdanya\/wp-content\/uploads\/usu1753\/2020\/09\/Screenshot_20200924-230752.jpg\"><img loading=\"lazy\" decoding=\"async\" class=\"wp-image-3035 alignright\" src=\"https:\/\/agora.xtec.cat\/escolabacdecerdanya\/wp-content\/uploads\/usu1753\/2020\/09\/Screenshot_20200924-230752-1024x614.jpg\" alt=\"\" width=\"523\" height=\"313\" srcset=\"https:\/\/agora.xtec.cat\/escolabacdecerdanya\/wp-content\/uploads\/usu1753\/2020\/09\/Screenshot_20200924-230752-1024x614.jpg 1024w, https:\/\/agora.xtec.cat\/escolabacdecerdanya\/wp-content\/uploads\/usu1753\/2020\/09\/Screenshot_20200924-230752-300x180.jpg 300w, https:\/\/agora.xtec.cat\/escolabacdecerdanya\/wp-content\/uploads\/usu1753\/2020\/09\/Screenshot_20200924-230752-768x461.jpg 768w, https:\/\/agora.xtec.cat\/escolabacdecerdanya\/wp-content\/uploads\/usu1753\/2020\/09\/Screenshot_20200924-230752.jpg 1037w\" sizes=\"auto, (max-width: 523px) 100vw, 523px\" \/><\/a>La bata de pl\u00e0stica la posarem, en principi, cap a final de trimestre.<\/p>\n<p style=\"text-align: left\">No dubteu a comentar-nos qualsevol dubte que tingueu.\ud83d\ude0a\ud83d\ude0a\ud83d\ude0a<\/p>\n<p>\u00a0 \u00a0 \u00a0 \u00a0 \u00a0 \u00a0 \u00a0 \u00a0 \u00a0 \u00a0 \ud83d\udc47clic\ud83d\udc47<\/p>\n<p><a style=\"font-family: inherit;font-size: 1em\" href=\"https:\/\/www.youtube.com\/watch?v=fcY8zt2AR9M\">REUNI\u00d3 DE PARES EDUCACI\u00d3 INFANTIL<\/a><\/p>\n<p>&nbsp;<\/p>\n<p>&nbsp;<\/p>\n<p>&nbsp;<\/p>\n","protected":false},"excerpt":{"rendered":"<p>FAM\u00cdLIES: Us deixem la presentaci\u00f3 de les reunions de pares que hem fet durant els primers dies de curs.<br \/>\nDir-vos que continuarem treballant com ho hem fet els \u00faltims cursos: matem\u00e0tiques manipulatives a partir del projecte (llibres) AXIOMA de l&#8217;editorial Barcanova, els projectes de classe i&hellip;  <a href=\"https:\/\/agora.xtec.cat\/escolabacdecerdanya\/general\/presentacio-reunions-pares-educacio-infantil\/\" title=\"Read PRESENTACI\u00d3 REUNIONS PARES EDUCACI\u00d3 INFANTIL\">Llegeix m\u00e9s\u00bb<\/a><\/p>\n","protected":false},"author":10,"featured_media":3035,"comment_status":"open","ping_status":"closed","sticky":false,"template":"","format":"standard","meta":{"_bbp_topic_count":0,"_bbp_reply_count":0,"_bbp_total_topic_count":0,"_bbp_total_reply_count":0,"_bbp_voice_count":0,"_bbp_anonymous_reply_count":0,"_bbp_topic_count_hidden":0,"_bbp_reply_count_hidden":0,"_bbp_forum_subforum_count":0,"footnotes":""},"categories":[103,1,3,8,9,4],"tags":[],"class_list":["post-3031","post","type-post","status-publish","format-standard","has-post-thumbnail","hentry","category-infantil-2","category-general","category-p3","category-p4","category-p5","category-portada"],"post_mailing_queue_ids":[],"_links":{"self":[{"href":"https:\/\/agora.xtec.cat\/escolabacdecerdanya\/wp-json\/wp\/v2\/posts\/3031","targetHints":{"allow":["GET"]}}],"collection":[{"href":"https:\/\/agora.xtec.cat\/escolabacdecerdanya\/wp-json\/wp\/v2\/posts"}],"about":[{"href":"https:\/\/agora.xtec.cat\/escolabacdecerdanya\/wp-json\/wp\/v2\/types\/post"}],"author":[{"embeddable":true,"href":"https:\/\/agora.xtec.cat\/escolabacdecerdanya\/wp-json\/wp\/v2\/users\/10"}],"replies":[{"embeddable":true,"href":"https:\/\/agora.xtec.cat\/escolabacdecerdanya\/wp-json\/wp\/v2\/comments?post=3031"}],"version-history":[{"count":1,"href":"https:\/\/agora.xtec.cat\/escolabacdecerdanya\/wp-json\/wp\/v2\/posts\/3031\/revisions"}],"predecessor-version":[{"id":3036,"href":"https:\/\/agora.xtec.cat\/escolabacdecerdanya\/wp-json\/wp\/v2\/posts\/3031\/revisions\/3036"}],"wp:featuredmedia":[{"embeddable":true,"href":"https:\/\/agora.xtec.cat\/escolabacdecerdanya\/wp-json\/wp\/v2\/media\/3035"}],"wp:attachment":[{"href":"https:\/\/agora.xtec.cat\/escolabacdecerdanya\/wp-json\/wp\/v2\/media?parent=3031"}],"wp:term":[{"taxonomy":"category","embeddable":true,"href":"https:\/\/agora.xtec.cat\/escolabacdecerdanya\/wp-json\/wp\/v2\/categories?post=3031"},{"taxonomy":"post_tag","embeddable":true,"href":"https:\/\/agora.xtec.cat\/escolabacdecerdanya\/wp-json\/wp\/v2\/tags?post=3031"}],"curies":[{"name":"wp","href":"https:\/\/api.w.org\/{rel}","templated":true}]}}