{"id":2944,"date":"2020-09-23T18:00:58","date_gmt":"2020-09-23T16:00:58","guid":{"rendered":"http:\/\/agora.xtec.cat\/escolabacdecerdanya\/?p=2944"},"modified":"2020-09-23T18:05:00","modified_gmt":"2020-09-23T16:05:00","slug":"la-classe-de-1r-hem-anat-dexcursio-amb-bici","status":"publish","type":"post","link":"https:\/\/agora.xtec.cat\/escolabacdecerdanya\/general\/la-classe-de-1r-hem-anat-dexcursio-amb-bici\/","title":{"rendered":"La classe de 1r hem anat d&#8217;excursi\u00f3 amb bici!"},"content":{"rendered":"<p>Avui al mat\u00ed hem anat a l&#8217;escola amb bicicleta per fer una excursi\u00f3!<\/p>\n<p>Per comen\u00e7ar hem anat a visitar l&#8217;Aer\u00f2drom de la Cerdanya. All\u00e0 el Jordi, un instructor navarr\u00e8s, ens ha explicat molt b\u00e9 qu\u00e8 hi ha a les instal\u00b7lacions de l&#8217;aer\u00f2drom, els tipus d&#8217;avions que tenen, com funcionen&#8230; i fins i tot hem vist com s&#8217;enlairava una avioneta.<\/p>\n<p><a href=\"https:\/\/photos.app.goo.gl\/M4EKL1kWML8f9wKWA\"><img loading=\"lazy\" decoding=\"async\" class=\"wp-image-2974 alignright\" src=\"https:\/\/agora.xtec.cat\/escolabacdecerdanya\/wp-content\/uploads\/usu1753\/2020\/09\/20200923_145705-1024x768.jpg\" alt=\"\" width=\"551\" height=\"414\" srcset=\"https:\/\/agora.xtec.cat\/escolabacdecerdanya\/wp-content\/uploads\/usu1753\/2020\/09\/20200923_145705-1024x768.jpg 1024w, https:\/\/agora.xtec.cat\/escolabacdecerdanya\/wp-content\/uploads\/usu1753\/2020\/09\/20200923_145705-300x225.jpg 300w, https:\/\/agora.xtec.cat\/escolabacdecerdanya\/wp-content\/uploads\/usu1753\/2020\/09\/20200923_145705-768x576.jpg 768w, https:\/\/agora.xtec.cat\/escolabacdecerdanya\/wp-content\/uploads\/usu1753\/2020\/09\/20200923_145705-200x150.jpg 200w\" sizes=\"auto, (max-width: 551px) 100vw, 551px\" \/><\/a>Despr\u00e9s hem anat cap a Estoll!&#8230; pel cam\u00ed ens hem anat fixant molt b\u00e9 en tota mena de plantes que ens donen fruits: mores d&#8217;esbarzer, grataculs, blat de moro, aranyons, alfals, sa\u00fcc, &#8230; i tamb\u00e9 hem vist for\u00e7a cavalls i vaques pasturant&#8230; Ens ho hem passat pipa travessant bassals!<\/p>\n<p>A Estoll hem dinat i hem anat a visitar la Torre d&#8217;Estoll. El Marc de la Torre ens ha explicat molt b\u00e9 com alimenten les vaques amb tot el que recullen a les seves terres: blat de moro, palla, herba seca, silu, patates,&#8230; tamb\u00e9 el donen soja per\u00f2 aquesta l&#8217;han de comprar perqu\u00e8 no es pot conrear a la Cerdanya. Tamb\u00e9 ens ha ensenyat la sala de munyir, el dip\u00f2sit de la llet fresca,&#8230; i ens ha donat una ampolla de llet a cadasc\u00fa!<\/p>\n<p>Estava MOOOOOOOLT\u00a0 BOOOONAAAAAA!<\/p>\n<p><strong>SI VOLEU VEURE LES FOTOS DEL DIA CLIQUEU LA IMATGE<\/strong><\/p>\n<p>L&#8217;equip de mestres volem felicitar la mainada perqu\u00e8 han estat uns campions i han fet el cam\u00ed super b\u00e9!<\/p>\n<p>Fam\u00edlies! &#8230; us animem a pedalar amb els vostres fills i filles! ho passareu genial!<\/p>\n","protected":false},"excerpt":{"rendered":"<p>Avui al mat\u00ed hem anat a l&#8217;escola amb bicicleta per fer una excursi\u00f3!<br \/>\nPer comen\u00e7ar hem anat a visitar l&#8217;Aer\u00f2drom de la Cerdanya. All\u00e0 el Jordi, un instructor navarr\u00e8s, ens ha explicat molt b\u00e9 qu\u00e8 hi ha a les instal\u00b7lacions de l&#8217;aer\u00f2drom, els tipus d&#8217;avions que&hellip;  <a href=\"https:\/\/agora.xtec.cat\/escolabacdecerdanya\/general\/la-classe-de-1r-hem-anat-dexcursio-amb-bici\/\" title=\"Read La classe de 1r hem anat d&#8217;excursi\u00f3 amb bici!\">Llegeix m\u00e9s\u00bb<\/a><\/p>\n","protected":false},"author":8,"featured_media":2974,"comment_status":"open","ping_status":"closed","sticky":false,"template":"","format":"standard","meta":{"_bbp_topic_count":0,"_bbp_reply_count":0,"_bbp_total_topic_count":0,"_bbp_total_reply_count":0,"_bbp_voice_count":0,"_bbp_anonymous_reply_count":0,"_bbp_topic_count_hidden":0,"_bbp_reply_count_hidden":0,"_bbp_forum_subforum_count":0,"footnotes":""},"categories":[10,11,104,1,4,86],"tags":[],"class_list":["post-2944","post","type-post","status-publish","format-standard","has-post-thumbnail","hentry","category-1r","category-2n","category-inicial","category-general","category-portada","category-sortida"],"post_mailing_queue_ids":[],"_links":{"self":[{"href":"https:\/\/agora.xtec.cat\/escolabacdecerdanya\/wp-json\/wp\/v2\/posts\/2944","targetHints":{"allow":["GET"]}}],"collection":[{"href":"https:\/\/agora.xtec.cat\/escolabacdecerdanya\/wp-json\/wp\/v2\/posts"}],"about":[{"href":"https:\/\/agora.xtec.cat\/escolabacdecerdanya\/wp-json\/wp\/v2\/types\/post"}],"author":[{"embeddable":true,"href":"https:\/\/agora.xtec.cat\/escolabacdecerdanya\/wp-json\/wp\/v2\/users\/8"}],"replies":[{"embeddable":true,"href":"https:\/\/agora.xtec.cat\/escolabacdecerdanya\/wp-json\/wp\/v2\/comments?post=2944"}],"version-history":[{"count":2,"href":"https:\/\/agora.xtec.cat\/escolabacdecerdanya\/wp-json\/wp\/v2\/posts\/2944\/revisions"}],"predecessor-version":[{"id":2983,"href":"https:\/\/agora.xtec.cat\/escolabacdecerdanya\/wp-json\/wp\/v2\/posts\/2944\/revisions\/2983"}],"wp:featuredmedia":[{"embeddable":true,"href":"https:\/\/agora.xtec.cat\/escolabacdecerdanya\/wp-json\/wp\/v2\/media\/2974"}],"wp:attachment":[{"href":"https:\/\/agora.xtec.cat\/escolabacdecerdanya\/wp-json\/wp\/v2\/media?parent=2944"}],"wp:term":[{"taxonomy":"category","embeddable":true,"href":"https:\/\/agora.xtec.cat\/escolabacdecerdanya\/wp-json\/wp\/v2\/categories?post=2944"},{"taxonomy":"post_tag","embeddable":true,"href":"https:\/\/agora.xtec.cat\/escolabacdecerdanya\/wp-json\/wp\/v2\/tags?post=2944"}],"curies":[{"name":"wp","href":"https:\/\/api.w.org\/{rel}","templated":true}]}}