{"id":2935,"date":"2020-09-23T17:37:08","date_gmt":"2020-09-23T15:37:08","guid":{"rendered":"http:\/\/agora.xtec.cat\/escolabacdecerdanya\/?p=2935"},"modified":"2020-09-23T17:39:10","modified_gmt":"2020-09-23T15:39:10","slug":"reunions-de-mestres","status":"publish","type":"post","link":"https:\/\/agora.xtec.cat\/escolabacdecerdanya\/general\/reunions-de-mestres\/","title":{"rendered":"Reunions de mestres"},"content":{"rendered":"<p style=\"text-align: left\">Aquest, est\u00e0 sent un curs ben diferent&#8230; i tamb\u00e9 pels mestres de l&#8217;escola. Les reunions de feina les hem de fer tot respectant les mesures contra el c\u00f2vid19. O b\u00e9 ens reunim de forma virtual, o b\u00e9 en espais exteriors del pati, tot respectant les dist\u00e0ncies. Esperem que aquesta situaci\u00f3 duri el m\u00ednim de possible&#8230; Mentrestant, seguim connectats\/ades!<\/p>\n<p><strong><a href=\"https:\/\/agora.xtec.cat\/escolabacdecerdanya\/wp-content\/uploads\/usu1753\/2020\/09\/mestres.png\"><img loading=\"lazy\" decoding=\"async\" class=\"alignnone size-large wp-image-2957\" src=\"https:\/\/agora.xtec.cat\/escolabacdecerdanya\/wp-content\/uploads\/usu1753\/2020\/09\/mestres-1024x456.png\" alt=\"\" width=\"1024\" height=\"456\" srcset=\"https:\/\/agora.xtec.cat\/escolabacdecerdanya\/wp-content\/uploads\/usu1753\/2020\/09\/mestres-1024x456.png 1024w, https:\/\/agora.xtec.cat\/escolabacdecerdanya\/wp-content\/uploads\/usu1753\/2020\/09\/mestres-300x134.png 300w, https:\/\/agora.xtec.cat\/escolabacdecerdanya\/wp-content\/uploads\/usu1753\/2020\/09\/mestres-768x342.png 768w, https:\/\/agora.xtec.cat\/escolabacdecerdanya\/wp-content\/uploads\/usu1753\/2020\/09\/mestres.png 1401w\" sizes=\"auto, (max-width: 1024px) 100vw, 1024px\" \/><\/a><\/strong><\/p>\n","protected":false},"excerpt":{"rendered":"<p>Aquest, est\u00e0 sent un curs ben diferent&#8230; i tamb\u00e9 pels mestres de l&#8217;escola. Les reunions de feina les hem de fer tot respectant les mesures contra el c\u00f2vid19. O b\u00e9 ens reunim de forma virtual, o b\u00e9 en espais exteriors del pati, tot respectant les&hellip;  <a href=\"https:\/\/agora.xtec.cat\/escolabacdecerdanya\/general\/reunions-de-mestres\/\" title=\"Read Reunions de mestres\">Llegeix m\u00e9s\u00bb<\/a><\/p>\n","protected":false},"author":11,"featured_media":2957,"comment_status":"open","ping_status":"closed","sticky":false,"template":"","format":"standard","meta":{"_bbp_topic_count":0,"_bbp_reply_count":0,"_bbp_total_topic_count":0,"_bbp_total_reply_count":0,"_bbp_voice_count":0,"_bbp_anonymous_reply_count":0,"_bbp_topic_count_hidden":0,"_bbp_reply_count_hidden":0,"_bbp_forum_subforum_count":0,"footnotes":""},"categories":[1,4],"tags":[],"class_list":["post-2935","post","type-post","status-publish","format-standard","has-post-thumbnail","hentry","category-general","category-portada"],"post_mailing_queue_ids":[],"_links":{"self":[{"href":"https:\/\/agora.xtec.cat\/escolabacdecerdanya\/wp-json\/wp\/v2\/posts\/2935","targetHints":{"allow":["GET"]}}],"collection":[{"href":"https:\/\/agora.xtec.cat\/escolabacdecerdanya\/wp-json\/wp\/v2\/posts"}],"about":[{"href":"https:\/\/agora.xtec.cat\/escolabacdecerdanya\/wp-json\/wp\/v2\/types\/post"}],"author":[{"embeddable":true,"href":"https:\/\/agora.xtec.cat\/escolabacdecerdanya\/wp-json\/wp\/v2\/users\/11"}],"replies":[{"embeddable":true,"href":"https:\/\/agora.xtec.cat\/escolabacdecerdanya\/wp-json\/wp\/v2\/comments?post=2935"}],"version-history":[{"count":2,"href":"https:\/\/agora.xtec.cat\/escolabacdecerdanya\/wp-json\/wp\/v2\/posts\/2935\/revisions"}],"predecessor-version":[{"id":2962,"href":"https:\/\/agora.xtec.cat\/escolabacdecerdanya\/wp-json\/wp\/v2\/posts\/2935\/revisions\/2962"}],"wp:featuredmedia":[{"embeddable":true,"href":"https:\/\/agora.xtec.cat\/escolabacdecerdanya\/wp-json\/wp\/v2\/media\/2957"}],"wp:attachment":[{"href":"https:\/\/agora.xtec.cat\/escolabacdecerdanya\/wp-json\/wp\/v2\/media?parent=2935"}],"wp:term":[{"taxonomy":"category","embeddable":true,"href":"https:\/\/agora.xtec.cat\/escolabacdecerdanya\/wp-json\/wp\/v2\/categories?post=2935"},{"taxonomy":"post_tag","embeddable":true,"href":"https:\/\/agora.xtec.cat\/escolabacdecerdanya\/wp-json\/wp\/v2\/tags?post=2935"}],"curies":[{"name":"wp","href":"https:\/\/api.w.org\/{rel}","templated":true}]}}