{"id":2874,"date":"2020-06-19T10:30:36","date_gmt":"2020-06-19T08:30:36","guid":{"rendered":"http:\/\/agora.xtec.cat\/escolabacdecerdanya\/?p=2874"},"modified":"2020-06-19T12:36:13","modified_gmt":"2020-06-19T10:36:13","slug":"comiat-dels-nois-i-noies-de-6e","status":"publish","type":"post","link":"https:\/\/agora.xtec.cat\/escolabacdecerdanya\/general\/comiat-dels-nois-i-noies-de-6e\/","title":{"rendered":"Comiat dels nois i noies de 6\u00e8"},"content":{"rendered":"<p>Ja s&#8217;acaba aquest curs i com cada any acomiadem als nois i noies de 6\u00e8! Ha estat un curs una mica mogut sobretot al final per\u00f2 no vol\u00edem marxar sense fer un comiat, no com el que voldr\u00edem haver fet, per\u00f2 una mica sorpresa per tots ells i elles.<\/p>\n<p>Aix\u00ed que us deixem un v\u00eddeo realitzat pels vostres companys de prim\u00e0ria i per les mestres i el mestre desitjant-vos el millor en la propera etapa que aviat comen\u00e7areu!<\/p>\n<p><iframe loading=\"lazy\" src=\"\/\/www.youtube.com\/embed\/cFBd8ssm__U\" width=\"560\" height=\"314\"><\/iframe><\/p>\n<p>I a m\u00e9s a m\u00e9s, us deixem enlla\u00e7at l&#8217;\u00e0lbum, amb totes les fotos del vostre \u00faltim dia de l&#8217;escola. Cliqueu <a href=\"https:\/\/photos.app.goo.gl\/uPpqjfMoB5Pq6Uni9\" target=\"_blank\" rel=\"noopener noreferrer\"><strong>AQU\u00cd<\/strong><\/a>!<\/p>\n","protected":false},"excerpt":{"rendered":"<p>Ja s&#8217;acaba aquest curs i com cada any acomiadem als nois i noies de 6\u00e8! Ha estat un curs una mica mogut sobretot al final per\u00f2 no vol\u00edem marxar sense fer un comiat, no com el que voldr\u00edem haver fet, per\u00f2 una mica sorpresa per&hellip;  <a href=\"https:\/\/agora.xtec.cat\/escolabacdecerdanya\/general\/comiat-dels-nois-i-noies-de-6e\/\" title=\"Read Comiat dels nois i noies de 6\u00e8\">Llegeix m\u00e9s\u00bb<\/a><\/p>\n","protected":false},"author":1,"featured_media":0,"comment_status":"open","ping_status":"closed","sticky":false,"template":"","format":"standard","meta":{"_bbp_topic_count":0,"_bbp_reply_count":0,"_bbp_total_topic_count":0,"_bbp_total_reply_count":0,"_bbp_voice_count":0,"_bbp_anonymous_reply_count":0,"_bbp_topic_count_hidden":0,"_bbp_reply_count_hidden":0,"_bbp_forum_subforum_count":0,"footnotes":""},"categories":[15,76,1,4],"tags":[],"class_list":["post-2874","post","type-post","status-publish","format-standard","hentry","category-6e","category-cicle-superior","category-general","category-portada"],"post_mailing_queue_ids":[],"_links":{"self":[{"href":"https:\/\/agora.xtec.cat\/escolabacdecerdanya\/wp-json\/wp\/v2\/posts\/2874","targetHints":{"allow":["GET"]}}],"collection":[{"href":"https:\/\/agora.xtec.cat\/escolabacdecerdanya\/wp-json\/wp\/v2\/posts"}],"about":[{"href":"https:\/\/agora.xtec.cat\/escolabacdecerdanya\/wp-json\/wp\/v2\/types\/post"}],"author":[{"embeddable":true,"href":"https:\/\/agora.xtec.cat\/escolabacdecerdanya\/wp-json\/wp\/v2\/users\/1"}],"replies":[{"embeddable":true,"href":"https:\/\/agora.xtec.cat\/escolabacdecerdanya\/wp-json\/wp\/v2\/comments?post=2874"}],"version-history":[{"count":3,"href":"https:\/\/agora.xtec.cat\/escolabacdecerdanya\/wp-json\/wp\/v2\/posts\/2874\/revisions"}],"predecessor-version":[{"id":2882,"href":"https:\/\/agora.xtec.cat\/escolabacdecerdanya\/wp-json\/wp\/v2\/posts\/2874\/revisions\/2882"}],"wp:attachment":[{"href":"https:\/\/agora.xtec.cat\/escolabacdecerdanya\/wp-json\/wp\/v2\/media?parent=2874"}],"wp:term":[{"taxonomy":"category","embeddable":true,"href":"https:\/\/agora.xtec.cat\/escolabacdecerdanya\/wp-json\/wp\/v2\/categories?post=2874"},{"taxonomy":"post_tag","embeddable":true,"href":"https:\/\/agora.xtec.cat\/escolabacdecerdanya\/wp-json\/wp\/v2\/tags?post=2874"}],"curies":[{"name":"wp","href":"https:\/\/api.w.org\/{rel}","templated":true}]}}