{"id":2844,"date":"2020-06-11T22:54:51","date_gmt":"2020-06-11T20:54:51","guid":{"rendered":"http:\/\/agora.xtec.cat\/escolabacdecerdanya\/?p=2844"},"modified":"2020-06-11T22:54:51","modified_gmt":"2020-06-11T20:54:51","slug":"land-art-a-cicle-inicial","status":"publish","type":"post","link":"https:\/\/agora.xtec.cat\/escolabacdecerdanya\/general\/land-art-a-cicle-inicial\/","title":{"rendered":"LAND ART a Cicle Inicial"},"content":{"rendered":"<p>A Cicle Inicial hem estat experimentant amb el LAND ART, un moviment que es va originar a Alemanya quan els artistes van decidir sortir a la natura i utilitzar els elements naturals per crear. La idea era deixar-los fins que la pr\u00f2pia natura els desf\u00e9s i se&#8217;ls emport\u00e9s.<\/p>\n<p>Aix\u00f2 \u00e9s el que hem fet nosaltres, sortir al carrer i fer &#8220;obres d&#8217;art&#8221; amb les coses que hem trobat al nostre entorn. Les voleu veure? Doncs cliqueu sobre la imatge i les veureu totes:<a href=\"https:\/\/photos.app.goo.gl\/RcJHwSUiX2cjsrKe8\"><img loading=\"lazy\" decoding=\"async\" class=\"wp-image-2847 aligncenter\" src=\"https:\/\/agora.xtec.cat\/escolabacdecerdanya\/wp-content\/uploads\/usu1753\/2020\/06\/Ainhoa_Fotor-1024x879.jpg\" alt=\"\" width=\"317\" height=\"272\" srcset=\"https:\/\/agora.xtec.cat\/escolabacdecerdanya\/wp-content\/uploads\/usu1753\/2020\/06\/Ainhoa_Fotor-1024x879.jpg 1024w, https:\/\/agora.xtec.cat\/escolabacdecerdanya\/wp-content\/uploads\/usu1753\/2020\/06\/Ainhoa_Fotor-300x257.jpg 300w, https:\/\/agora.xtec.cat\/escolabacdecerdanya\/wp-content\/uploads\/usu1753\/2020\/06\/Ainhoa_Fotor-768x659.jpg 768w, https:\/\/agora.xtec.cat\/escolabacdecerdanya\/wp-content\/uploads\/usu1753\/2020\/06\/Ainhoa_Fotor.jpg 1333w\" sizes=\"auto, (max-width: 317px) 100vw, 317px\" \/><\/a><\/p>\n<p>&nbsp;<\/p>\n<p>&nbsp;<\/p>\n","protected":false},"excerpt":{"rendered":"<p>A Cicle Inicial hem estat experimentant amb el LAND ART, un moviment que es va originar a Alemanya quan els artistes van decidir sortir a la natura i utilitzar els elements naturals per crear. La idea era deixar-los fins que la pr\u00f2pia natura els desf\u00e9s&hellip;  <a href=\"https:\/\/agora.xtec.cat\/escolabacdecerdanya\/general\/land-art-a-cicle-inicial\/\" title=\"Read LAND ART a Cicle Inicial\">Llegeix m\u00e9s\u00bb<\/a><\/p>\n","protected":false},"author":3,"featured_media":2845,"comment_status":"open","ping_status":"closed","sticky":false,"template":"","format":"standard","meta":{"_bbp_topic_count":0,"_bbp_reply_count":0,"_bbp_total_topic_count":0,"_bbp_total_reply_count":0,"_bbp_voice_count":0,"_bbp_anonymous_reply_count":0,"_bbp_topic_count_hidden":0,"_bbp_reply_count_hidden":0,"_bbp_forum_subforum_count":0,"footnotes":""},"categories":[10,11,104,1,4],"tags":[17],"class_list":["post-2844","post","type-post","status-publish","format-standard","has-post-thumbnail","hentry","category-1r","category-2n","category-inicial","category-general","category-portada","tag-plastica"],"post_mailing_queue_ids":[],"_links":{"self":[{"href":"https:\/\/agora.xtec.cat\/escolabacdecerdanya\/wp-json\/wp\/v2\/posts\/2844","targetHints":{"allow":["GET"]}}],"collection":[{"href":"https:\/\/agora.xtec.cat\/escolabacdecerdanya\/wp-json\/wp\/v2\/posts"}],"about":[{"href":"https:\/\/agora.xtec.cat\/escolabacdecerdanya\/wp-json\/wp\/v2\/types\/post"}],"author":[{"embeddable":true,"href":"https:\/\/agora.xtec.cat\/escolabacdecerdanya\/wp-json\/wp\/v2\/users\/3"}],"replies":[{"embeddable":true,"href":"https:\/\/agora.xtec.cat\/escolabacdecerdanya\/wp-json\/wp\/v2\/comments?post=2844"}],"version-history":[{"count":1,"href":"https:\/\/agora.xtec.cat\/escolabacdecerdanya\/wp-json\/wp\/v2\/posts\/2844\/revisions"}],"predecessor-version":[{"id":2848,"href":"https:\/\/agora.xtec.cat\/escolabacdecerdanya\/wp-json\/wp\/v2\/posts\/2844\/revisions\/2848"}],"wp:featuredmedia":[{"embeddable":true,"href":"https:\/\/agora.xtec.cat\/escolabacdecerdanya\/wp-json\/wp\/v2\/media\/2845"}],"wp:attachment":[{"href":"https:\/\/agora.xtec.cat\/escolabacdecerdanya\/wp-json\/wp\/v2\/media?parent=2844"}],"wp:term":[{"taxonomy":"category","embeddable":true,"href":"https:\/\/agora.xtec.cat\/escolabacdecerdanya\/wp-json\/wp\/v2\/categories?post=2844"},{"taxonomy":"post_tag","embeddable":true,"href":"https:\/\/agora.xtec.cat\/escolabacdecerdanya\/wp-json\/wp\/v2\/tags?post=2844"}],"curies":[{"name":"wp","href":"https:\/\/api.w.org\/{rel}","templated":true}]}}