{"id":2834,"date":"2020-06-16T15:01:22","date_gmt":"2020-06-16T13:01:22","guid":{"rendered":"http:\/\/agora.xtec.cat\/escolabacdecerdanya\/?p=2834"},"modified":"2020-06-16T15:01:22","modified_gmt":"2020-06-16T13:01:22","slug":"la-fira-medieval-de-5e","status":"publish","type":"post","link":"https:\/\/agora.xtec.cat\/escolabacdecerdanya\/general\/la-fira-medieval-de-5e\/","title":{"rendered":"LA FIRA MEDIEVAL DE 5\u00e8"},"content":{"rendered":"<p>Dins el nostre projecte de medi, les nenes i els nens de 5\u00e8, hem estat descobrint moltes coses sobre l&#8217;edat mitjana. La idea era haver muntat una fira sobre l&#8217;\u00e8poca medieval per\u00f2 com que no ho hem pogut fer, ens hem preparat un tema i hem fet algunes presentacions per a que conegueu una mica m\u00e9s aquesta \u00e8poca de la hist\u00f2ria tan apasionant.<\/p>\n<p><strong>COM ENS HEM ORGANITZAT:<\/strong><\/p>\n<p>Hem treballat de forma individual per\u00f2 a trav\u00e9s de les tutories virtuals del classroom hem pogut coordinar la feina i cadasc\u00fa ha fet un tema diferent i ho hem anat comentant.<\/p>\n<p><a href=\"https:\/\/agora.xtec.cat\/escolabacdecerdanya\/wp-content\/uploads\/usu1753\/2020\/06\/IMG_5342.jpg\"><img loading=\"lazy\" decoding=\"async\" class=\"wp-image-2849 aligncenter\" src=\"https:\/\/agora.xtec.cat\/escolabacdecerdanya\/wp-content\/uploads\/usu1753\/2020\/06\/IMG_5342-1024x768.jpg\" alt=\"\" width=\"464\" height=\"348\" srcset=\"https:\/\/agora.xtec.cat\/escolabacdecerdanya\/wp-content\/uploads\/usu1753\/2020\/06\/IMG_5342-1024x768.jpg 1024w, https:\/\/agora.xtec.cat\/escolabacdecerdanya\/wp-content\/uploads\/usu1753\/2020\/06\/IMG_5342-300x225.jpg 300w, https:\/\/agora.xtec.cat\/escolabacdecerdanya\/wp-content\/uploads\/usu1753\/2020\/06\/IMG_5342-768x576.jpg 768w, https:\/\/agora.xtec.cat\/escolabacdecerdanya\/wp-content\/uploads\/usu1753\/2020\/06\/IMG_5342-200x150.jpg 200w\" sizes=\"auto, (max-width: 464px) 100vw, 464px\" \/><\/a><\/p>\n<p><strong>COM ENS HEM INFORMAT:<\/strong><\/p>\n<p>Per con\u00e8ixer com vivien a l&#8217;Edat Mitjana hem vist v\u00eddeos, hem fet un treball de recerca d&#8217;informaci\u00f3 i hem fet consultes a la tutora sobre els nostres dubtes. Per a poder fer un millor treball de recerca, cadasc\u00fa\u00a0 i cadascuna de nosaltres ens hem preparat un tema sobre aquell moment hist\u00f2ric: com era l&#8217;educaci\u00f3, com era la m\u00fasica, com es dividia la societat, com eren les seves ciutats&#8230;.<\/p>\n<p>A partir de tota la informaci\u00f3 que ten\u00edem, hem decidit de quina manera vol\u00edem explicar aquesta informaci\u00f3 i per aix\u00f2 alguns hem fet presentacions amb el programa Genially, d&#8217;altres hem fet un Power Point, o un mapa conceptual i d&#8217;altres ens hem gravat fent l&#8217;explicaci\u00f3.<\/p>\n<p><strong>UN PROJECTE INTERDISCIPLINAR:<\/strong><\/p>\n<p>A trav\u00e9s del projecte sobre les diferents etapes de la hist\u00f2ria hem anat treballant les diverses \u00e0rees i, per exemple, a pl\u00e0stica i a llengua castellana vam poder informar-nos sobre com eren els castells medievals i vam fer un dibuix a llapis amb ombres. Aqu\u00ed us ensenyem alguns exemples:<\/p>\n<p>&nbsp;<\/p>\n<p><a href=\"https:\/\/agora.xtec.cat\/escolabacdecerdanya\/wp-content\/uploads\/usu1753\/2020\/06\/EL-MEU-CASTELL-11-jun-2020-20_45.png\"><img loading=\"lazy\" decoding=\"async\" class=\"alignnone wp-image-2852\" src=\"https:\/\/agora.xtec.cat\/escolabacdecerdanya\/wp-content\/uploads\/usu1753\/2020\/06\/EL-MEU-CASTELL-11-jun-2020-20_45.png\" alt=\"\" width=\"277\" height=\"369\" srcset=\"https:\/\/agora.xtec.cat\/escolabacdecerdanya\/wp-content\/uploads\/usu1753\/2020\/06\/EL-MEU-CASTELL-11-jun-2020-20_45.png 540w, https:\/\/agora.xtec.cat\/escolabacdecerdanya\/wp-content\/uploads\/usu1753\/2020\/06\/EL-MEU-CASTELL-11-jun-2020-20_45-225x300.png 225w\" sizes=\"auto, (max-width: 277px) 100vw, 277px\" \/>\u00a0\u00a0\u00a0\u00a0\u00a0\u00a0\u00a0\u00a0\u00a0\u00a0\u00a0\u00a0\u00a0\u00a0\u00a0\u00a0\u00a0\u00a0\u00a0\u00a0\u00a0\u00a0\u00a0\u00a0\u00a0\u00a0\u00a0\u00a0\u00a0\u00a0\u00a0 <\/a><a href=\"https:\/\/agora.xtec.cat\/escolabacdecerdanya\/wp-content\/uploads\/usu1753\/2020\/06\/EL-MEU-CASTELL-10-jun-2020-12_32-1.jpg\"><img loading=\"lazy\" decoding=\"async\" class=\"alignnone wp-image-2853\" src=\"https:\/\/agora.xtec.cat\/escolabacdecerdanya\/wp-content\/uploads\/usu1753\/2020\/06\/EL-MEU-CASTELL-10-jun-2020-12_32-1-1024x727.jpg\" alt=\"\" width=\"461\" height=\"327\" srcset=\"https:\/\/agora.xtec.cat\/escolabacdecerdanya\/wp-content\/uploads\/usu1753\/2020\/06\/EL-MEU-CASTELL-10-jun-2020-12_32-1-1024x727.jpg 1024w, https:\/\/agora.xtec.cat\/escolabacdecerdanya\/wp-content\/uploads\/usu1753\/2020\/06\/EL-MEU-CASTELL-10-jun-2020-12_32-1-300x213.jpg 300w, https:\/\/agora.xtec.cat\/escolabacdecerdanya\/wp-content\/uploads\/usu1753\/2020\/06\/EL-MEU-CASTELL-10-jun-2020-12_32-1-768x546.jpg 768w\" sizes=\"auto, (max-width: 461px) 100vw, 461px\" \/><\/a><\/p>\n<p>A continuaci\u00f3 podreu veure les nostres presentacions que les hem penjat en un padlet. Esperem que us agradin!<\/p>\n<p>&nbsp;<\/p>\n<p>Cliqueu<strong><a href=\"https:\/\/padlet.com\/cinquebac\/yl2rsp1lgwnlbi2k\"> aqu\u00ed<\/a><\/strong> per veure el nostre padlet.<\/p>\n","protected":false},"excerpt":{"rendered":"<p>Dins el nostre projecte de medi, les nenes i els nens de 5\u00e8, hem estat descobrint moltes coses sobre l&#8217;edat mitjana. La idea era haver muntat una fira sobre l&#8217;\u00e8poca medieval per\u00f2 com que no ho hem pogut fer, ens hem preparat un tema i&hellip;  <a href=\"https:\/\/agora.xtec.cat\/escolabacdecerdanya\/general\/la-fira-medieval-de-5e\/\" title=\"Read LA FIRA MEDIEVAL DE 5\u00e8\">Llegeix m\u00e9s\u00bb<\/a><\/p>\n","protected":false},"author":19,"featured_media":2836,"comment_status":"open","ping_status":"closed","sticky":false,"template":"","format":"standard","meta":{"_bbp_topic_count":0,"_bbp_reply_count":0,"_bbp_total_topic_count":0,"_bbp_total_reply_count":0,"_bbp_voice_count":0,"_bbp_anonymous_reply_count":0,"_bbp_topic_count_hidden":0,"_bbp_reply_count_hidden":0,"_bbp_forum_subforum_count":0,"footnotes":""},"categories":[76,1,4],"tags":[],"class_list":["post-2834","post","type-post","status-publish","format-standard","has-post-thumbnail","hentry","category-cicle-superior","category-general","category-portada"],"post_mailing_queue_ids":[],"_links":{"self":[{"href":"https:\/\/agora.xtec.cat\/escolabacdecerdanya\/wp-json\/wp\/v2\/posts\/2834","targetHints":{"allow":["GET"]}}],"collection":[{"href":"https:\/\/agora.xtec.cat\/escolabacdecerdanya\/wp-json\/wp\/v2\/posts"}],"about":[{"href":"https:\/\/agora.xtec.cat\/escolabacdecerdanya\/wp-json\/wp\/v2\/types\/post"}],"author":[{"embeddable":true,"href":"https:\/\/agora.xtec.cat\/escolabacdecerdanya\/wp-json\/wp\/v2\/users\/19"}],"replies":[{"embeddable":true,"href":"https:\/\/agora.xtec.cat\/escolabacdecerdanya\/wp-json\/wp\/v2\/comments?post=2834"}],"version-history":[{"count":3,"href":"https:\/\/agora.xtec.cat\/escolabacdecerdanya\/wp-json\/wp\/v2\/posts\/2834\/revisions"}],"predecessor-version":[{"id":2856,"href":"https:\/\/agora.xtec.cat\/escolabacdecerdanya\/wp-json\/wp\/v2\/posts\/2834\/revisions\/2856"}],"wp:featuredmedia":[{"embeddable":true,"href":"https:\/\/agora.xtec.cat\/escolabacdecerdanya\/wp-json\/wp\/v2\/media\/2836"}],"wp:attachment":[{"href":"https:\/\/agora.xtec.cat\/escolabacdecerdanya\/wp-json\/wp\/v2\/media?parent=2834"}],"wp:term":[{"taxonomy":"category","embeddable":true,"href":"https:\/\/agora.xtec.cat\/escolabacdecerdanya\/wp-json\/wp\/v2\/categories?post=2834"},{"taxonomy":"post_tag","embeddable":true,"href":"https:\/\/agora.xtec.cat\/escolabacdecerdanya\/wp-json\/wp\/v2\/tags?post=2834"}],"curies":[{"name":"wp","href":"https:\/\/api.w.org\/{rel}","templated":true}]}}