{"id":2822,"date":"2020-05-26T09:48:32","date_gmt":"2020-05-26T07:48:32","guid":{"rendered":"http:\/\/agora.xtec.cat\/escolabacdecerdanya\/?p=2822"},"modified":"2020-06-10T13:24:17","modified_gmt":"2020-06-10T11:24:17","slug":"instruccions-de-reobertura-parcial-del-centre","status":"publish","type":"post","link":"https:\/\/agora.xtec.cat\/escolabacdecerdanya\/general\/instruccions-de-reobertura-parcial-del-centre\/","title":{"rendered":"Instruccions de reobertura parcial del centre"},"content":{"rendered":"<div>\n<div dir=\"ltr\" data-smartmail=\"gmail_signature\">\n<div dir=\"ltr\">\n<div>\n<div dir=\"ltr\">\n<div>\n<div dir=\"ltr\">\n<div>\n<div dir=\"ltr\">\n<div>\n<div dir=\"ltr\">\n<div>\n<div>Benvolgudes fam\u00edlies,<\/div>\n<\/div>\n<\/div>\n<\/div>\n<\/div>\n<\/div>\n<\/div>\n<\/div>\n<\/div>\n<\/div>\n<\/div>\n<\/div>\n<\/div>\n<div class=\"gmail_quote\">\n<div dir=\"ltr\">\n<p dir=\"ltr\">A partir del proper dilluns dia 1 de juny, <u><b>reobrirem l\u2019escola per atendre determinats alumnes<\/b><\/u> seguint les instruccions del Departament d\u2019Educaci\u00f3.<\/p>\n<p dir=\"ltr\">Aquesta obertura <strong>NO SER\u00c0 PER TOTS ELS ALUMNES NI AMB L\u2019ATENCI\u00d3 HABITUAL<\/strong>, doncs el Departament d\u2019Educaci\u00f3 ha establert tres modalitats d\u2019assist\u00e8ncia:<\/p>\n<ul>\n<li dir=\"ltr\">\n<p dir=\"ltr\"><strong>Alumnes d\u2019educaci\u00f3 infantil.<\/strong><\/p>\n<\/li>\n<\/ul>\n<p dir=\"ltr\">En horari de 9.15 h. a 13.15 h. Nom\u00e9s en els casos que tant el pare com la mare treballin fora de casa en l\u2019horari esmentat i ho justifiquin a trav\u00e9s de la declaraci\u00f3 responsable que s\u2019adjunta. (s&#8217;hauran d&#8217;enviar justificants durant aquesta setmana al mail del centre).<\/p>\n<ul>\n<li dir=\"ltr\">\n<p dir=\"ltr\"><strong>Alumnes de sis\u00e8<\/strong>.<\/p>\n<\/li>\n<\/ul>\n<p dir=\"ltr\">En horari de 9.15 h. a 13.15 h. Amb car\u00e0cter voluntari.<\/p>\n<ul>\n<li dir=\"ltr\">\n<p dir=\"ltr\"><strong>Altres alumnes d\u2019educaci\u00f3 prim\u00e0ria (1r, 2n, 3r, 4t i 5\u00e8).<\/strong><\/p>\n<\/li>\n<\/ul>\n<p dir=\"ltr\">Possibilitat de realitzar NOM\u00c9S tutoria individualitzada, amb cita pr\u00e8via i de car\u00e0cter puntual. Es tractar\u00e0 de converses relacionades amb aspectes emocionals de l\u2019alumne\/a. Hi podr\u00e0 assistir un dels progenitors.<\/p>\n<p dir=\"ltr\">Consideracions generals:<\/p>\n<ul>\n<li dir=\"ltr\">\n<p dir=\"ltr\">Les tres modalitats s\u00f3n de car\u00e0cter voluntari.<\/p>\n<\/li>\n<li dir=\"ltr\">\n<p dir=\"ltr\">En cap cas es reprenen les classes com abans del confinament, per tant, no avan\u00e7arem temari.<\/p>\n<\/li>\n<li dir=\"ltr\">\n<p dir=\"ltr\">El curs continua i acabar\u00e0 telem\u00e0ticament.<\/p>\n<\/li>\n<li dir=\"ltr\">\n<p dir=\"ltr\">Es donar\u00e0 suport educatiu de car\u00e0cter puntual i en casos concrets (alumnes d\u2019infantil i de sis\u00e8).<\/p>\n<\/li>\n<li dir=\"ltr\">\n<p dir=\"ltr\">S\u2019oferir\u00e0 suport tutorial.<\/p>\n<\/li>\n<li dir=\"ltr\">\n<p dir=\"ltr\">Es prioritzar\u00e0 l\u2019atenci\u00f3 de l\u2019alumnat m\u00e9s vulnerable.<\/p>\n<\/li>\n<li dir=\"ltr\">\n<p dir=\"ltr\">Cal tenir en compte que les circumst\u00e0ncies actuals s\u00f3n excepcionals i es poden produir canvis en el pla d\u2019obertura de l\u2019escola en funci\u00f3 de les instruccions que anem rebent del Departament d\u2019Educaci\u00f3.<\/p>\n<\/li>\n<li dir=\"ltr\">\n<p dir=\"ltr\">En el cas que la tutora del vostre fill\/a consideri que cal fer una reuni\u00f3 presencial, ja es comunicar\u00e0 amb vosaltres per pactar-la.<\/p>\n<\/li>\n<li dir=\"ltr\">\n<p dir=\"ltr\">Si un infant presenta s\u00edmptomes compatibles amb el Covid-19 (febre, tos, dificultat respirat\u00f2ria, malestar, diarrea\u2026), no podr\u00e0 assistir a l\u2019escola, en cap cas. Tampoc ho podr\u00e0 fer si ha patit o ha estat en contacte amb persones afectades durant els darrers 14 dies.<\/p>\n<\/li>\n<\/ul>\n<p dir=\"ltr\">Per a qualsevol dubte i\/o aclariment, romanem a la vostra disposici\u00f3.<\/p>\n<\/div>\n<\/div>\n","protected":false},"excerpt":{"rendered":"<p>Benvolgudes fam\u00edlies,<\/p>\n<p>A partir del proper dilluns dia 1 de juny, reobrirem l\u2019escola per atendre determinats alumnes seguint les instruccions del Departament d\u2019Educaci\u00f3.<br \/>\nAquesta obertura NO SER\u00c0 PER TOTS ELS ALUMNES NI AMB L\u2019ATENCI\u00d3 HABITUAL, doncs el Departament d\u2019Educaci\u00f3 ha establert tres modalitats d\u2019assist\u00e8ncia:<\/p>\n<ul>\n<li dir=\"ltr\">\nAlumnes d\u2019educaci\u00f3 infantil.\n<\/li>\n<\/ul>\n<p>En&hellip;  <a href=\"https:\/\/agora.xtec.cat\/escolabacdecerdanya\/general\/instruccions-de-reobertura-parcial-del-centre\/\" title=\"Read Instruccions de reobertura parcial del centre\">Llegeix m\u00e9s\u00bb<\/a><\/p>\n","protected":false},"author":1,"featured_media":766,"comment_status":"open","ping_status":"closed","sticky":false,"template":"","format":"standard","meta":{"_bbp_topic_count":0,"_bbp_reply_count":0,"_bbp_total_topic_count":0,"_bbp_total_reply_count":0,"_bbp_voice_count":0,"_bbp_anonymous_reply_count":0,"_bbp_topic_count_hidden":0,"_bbp_reply_count_hidden":0,"_bbp_forum_subforum_count":0,"footnotes":""},"categories":[60,1,61,4],"tags":[],"class_list":["post-2822","post","type-post","status-publish","format-standard","has-post-thumbnail","hentry","category-families","category-general","category-novetats","category-portada"],"post_mailing_queue_ids":[],"_links":{"self":[{"href":"https:\/\/agora.xtec.cat\/escolabacdecerdanya\/wp-json\/wp\/v2\/posts\/2822","targetHints":{"allow":["GET"]}}],"collection":[{"href":"https:\/\/agora.xtec.cat\/escolabacdecerdanya\/wp-json\/wp\/v2\/posts"}],"about":[{"href":"https:\/\/agora.xtec.cat\/escolabacdecerdanya\/wp-json\/wp\/v2\/types\/post"}],"author":[{"embeddable":true,"href":"https:\/\/agora.xtec.cat\/escolabacdecerdanya\/wp-json\/wp\/v2\/users\/1"}],"replies":[{"embeddable":true,"href":"https:\/\/agora.xtec.cat\/escolabacdecerdanya\/wp-json\/wp\/v2\/comments?post=2822"}],"version-history":[{"count":1,"href":"https:\/\/agora.xtec.cat\/escolabacdecerdanya\/wp-json\/wp\/v2\/posts\/2822\/revisions"}],"predecessor-version":[{"id":2823,"href":"https:\/\/agora.xtec.cat\/escolabacdecerdanya\/wp-json\/wp\/v2\/posts\/2822\/revisions\/2823"}],"wp:featuredmedia":[{"embeddable":true,"href":"https:\/\/agora.xtec.cat\/escolabacdecerdanya\/wp-json\/wp\/v2\/media\/766"}],"wp:attachment":[{"href":"https:\/\/agora.xtec.cat\/escolabacdecerdanya\/wp-json\/wp\/v2\/media?parent=2822"}],"wp:term":[{"taxonomy":"category","embeddable":true,"href":"https:\/\/agora.xtec.cat\/escolabacdecerdanya\/wp-json\/wp\/v2\/categories?post=2822"},{"taxonomy":"post_tag","embeddable":true,"href":"https:\/\/agora.xtec.cat\/escolabacdecerdanya\/wp-json\/wp\/v2\/tags?post=2822"}],"curies":[{"name":"wp","href":"https:\/\/api.w.org\/{rel}","templated":true}]}}