{"id":2776,"date":"2020-05-14T08:51:50","date_gmt":"2020-05-14T06:51:50","guid":{"rendered":"http:\/\/agora.xtec.cat\/escolabacdecerdanya\/?p=2776"},"modified":"2020-05-14T08:51:50","modified_gmt":"2020-05-14T06:51:50","slug":"picasso-i-els-dibuixos-dun-sol-trac","status":"publish","type":"post","link":"https:\/\/agora.xtec.cat\/escolabacdecerdanya\/general\/picasso-i-els-dibuixos-dun-sol-trac\/","title":{"rendered":"PICASSO i els dibuixos d&#8217;un sol tra\u00e7"},"content":{"rendered":"<p>Aquest trimestre a Cicle Inicial estem treballant en Pablo Picasso. De moment ja hem vist la seva \u00e8poca blava, la rosa i els dibuixos que feia d&#8217;un sol tra\u00e7. Es tracta de dibuixar alguna cosa sense aixecar el ll\u00e0pis del paper.<\/p>\n<p>Les nenes i els nens de classe s&#8217;han animat a fer com ell i si voleu veure les seves obres, cliqueu sobre l&#8217;enlla\u00e7 que teniu aqu\u00ed:<\/p>\n<h2 style=\"text-align: center\"><a href=\"https:\/\/padlet.com\/tmarti2\/bw4bgy8syewt6r5y\"><strong>PADLET DELS DIBUIXOS D&#8217;UN SOL TRA\u00c7<\/strong><\/a><\/h2>\n<div class=\"padlet-embed\" style=\"overflow: hidden;width: 100%;background: #F4F4F4\"><\/div>\n","protected":false},"excerpt":{"rendered":"<p>Des de Cicle Inicial treballem en Pablo Picasso.&hellip;  <a href=\"https:\/\/agora.xtec.cat\/escolabacdecerdanya\/general\/picasso-i-els-dibuixos-dun-sol-trac\/\" title=\"Read PICASSO i els dibuixos d&#8217;un sol tra\u00e7\">Llegeix m\u00e9s\u00bb<\/a><\/p>\n","protected":false},"author":3,"featured_media":2778,"comment_status":"open","ping_status":"closed","sticky":false,"template":"","format":"standard","meta":{"_bbp_topic_count":0,"_bbp_reply_count":0,"_bbp_total_topic_count":0,"_bbp_total_reply_count":0,"_bbp_voice_count":0,"_bbp_anonymous_reply_count":0,"_bbp_topic_count_hidden":0,"_bbp_reply_count_hidden":0,"_bbp_forum_subforum_count":0,"footnotes":""},"categories":[10,11,104,1,4],"tags":[193,17,165],"class_list":["post-2776","post","type-post","status-publish","format-standard","has-post-thumbnail","hentry","category-1r","category-2n","category-inicial","category-general","category-portada","tag-picasso","tag-plastica","tag-projectes"],"post_mailing_queue_ids":[],"_links":{"self":[{"href":"https:\/\/agora.xtec.cat\/escolabacdecerdanya\/wp-json\/wp\/v2\/posts\/2776","targetHints":{"allow":["GET"]}}],"collection":[{"href":"https:\/\/agora.xtec.cat\/escolabacdecerdanya\/wp-json\/wp\/v2\/posts"}],"about":[{"href":"https:\/\/agora.xtec.cat\/escolabacdecerdanya\/wp-json\/wp\/v2\/types\/post"}],"author":[{"embeddable":true,"href":"https:\/\/agora.xtec.cat\/escolabacdecerdanya\/wp-json\/wp\/v2\/users\/3"}],"replies":[{"embeddable":true,"href":"https:\/\/agora.xtec.cat\/escolabacdecerdanya\/wp-json\/wp\/v2\/comments?post=2776"}],"version-history":[{"count":2,"href":"https:\/\/agora.xtec.cat\/escolabacdecerdanya\/wp-json\/wp\/v2\/posts\/2776\/revisions"}],"predecessor-version":[{"id":2779,"href":"https:\/\/agora.xtec.cat\/escolabacdecerdanya\/wp-json\/wp\/v2\/posts\/2776\/revisions\/2779"}],"wp:featuredmedia":[{"embeddable":true,"href":"https:\/\/agora.xtec.cat\/escolabacdecerdanya\/wp-json\/wp\/v2\/media\/2778"}],"wp:attachment":[{"href":"https:\/\/agora.xtec.cat\/escolabacdecerdanya\/wp-json\/wp\/v2\/media?parent=2776"}],"wp:term":[{"taxonomy":"category","embeddable":true,"href":"https:\/\/agora.xtec.cat\/escolabacdecerdanya\/wp-json\/wp\/v2\/categories?post=2776"},{"taxonomy":"post_tag","embeddable":true,"href":"https:\/\/agora.xtec.cat\/escolabacdecerdanya\/wp-json\/wp\/v2\/tags?post=2776"}],"curies":[{"name":"wp","href":"https:\/\/api.w.org\/{rel}","templated":true}]}}