{"id":2709,"date":"2020-05-08T11:40:18","date_gmt":"2020-05-08T09:40:18","guid":{"rendered":"http:\/\/agora.xtec.cat\/escolabacdecerdanya\/?p=2709"},"modified":"2020-05-08T11:42:12","modified_gmt":"2020-05-08T09:42:12","slug":"adeu-cosme","status":"publish","type":"post","link":"https:\/\/agora.xtec.cat\/escolabacdecerdanya\/general\/adeu-cosme\/","title":{"rendered":"Ad\u00e9u Cosme"},"content":{"rendered":"<p><strong>Des de l&#8217;Escola Bac de Cerdanya lamentem profundament la mort del Sr Cosme Ruaix i Junoy que va ser Alcalde d&#8217;Alp, i President de la Mancomunitat de Municipis, del 2007 al 2011. <\/strong><\/p>\n<p><strong>El m\u00e9s sincer condol a la seva fam\u00edlia i amics.<\/strong><\/p>\n<blockquote><p><em>Cosme,<a href=\"https:\/\/agora.xtec.cat\/escolabacdecerdanya\/wp-content\/uploads\/usu1753\/2020\/05\/cosme.jpg\"><img loading=\"lazy\" decoding=\"async\" class=\"wp-image-2713 alignright\" src=\"https:\/\/agora.xtec.cat\/escolabacdecerdanya\/wp-content\/uploads\/usu1753\/2020\/05\/cosme-1024x710.jpg\" alt=\"\" width=\"430\" height=\"298\" srcset=\"https:\/\/agora.xtec.cat\/escolabacdecerdanya\/wp-content\/uploads\/usu1753\/2020\/05\/cosme-1024x710.jpg 1024w, https:\/\/agora.xtec.cat\/escolabacdecerdanya\/wp-content\/uploads\/usu1753\/2020\/05\/cosme-300x208.jpg 300w, https:\/\/agora.xtec.cat\/escolabacdecerdanya\/wp-content\/uploads\/usu1753\/2020\/05\/cosme-768x532.jpg 768w\" sizes=\"auto, (max-width: 430px) 100vw, 430px\" \/><\/a> <\/em><\/p>\n<p><em>Et donem les gr\u00e0cies de tot cor pel teu esfor\u00e7 i dedicaci\u00f3 en benefici del nostre municipi i, molt especialment, de la nostra escola. La teva amabilitat, respecte, capacitat de treball i ganes de fer b\u00e9 les coses han deixat petjada en la nostra comunitat educativa.\u00a0<\/em><\/p>\n<p><em>Amb tu se&#8217;n va una gran persona.<a href=\"https:\/\/agora.xtec.cat\/escolabacdecerdanya\/wp-content\/uploads\/usu1753\/2020\/05\/lla\u00e7-negre.jpg\"><img loading=\"lazy\" decoding=\"async\" class=\"alignnone wp-image-2715\" src=\"https:\/\/agora.xtec.cat\/escolabacdecerdanya\/wp-content\/uploads\/usu1753\/2020\/05\/lla\u00e7-negre.jpg\" alt=\"\" width=\"147\" height=\"107\" srcset=\"https:\/\/agora.xtec.cat\/escolabacdecerdanya\/wp-content\/uploads\/usu1753\/2020\/05\/lla\u00e7-negre.jpg 324w, https:\/\/agora.xtec.cat\/escolabacdecerdanya\/wp-content\/uploads\/usu1753\/2020\/05\/lla\u00e7-negre-300x219.jpg 300w\" sizes=\"auto, (max-width: 147px) 100vw, 147px\" \/><\/a><\/em><\/p><\/blockquote>\n","protected":false},"excerpt":{"rendered":"<p>Des de l&#8217;Escola Bac de Cerdanya lamentem profundament la mort del Sr Cosme Ruaix i Junoy que va ser Alcalde d&#8217;Alp, i President de la Mancomunitat de Municipis, del 2007 al 2011.<br \/>\nEl m\u00e9s sincer condol a la seva fam\u00edlia i amics.<br \/>\nCosme,<a href=\"https:\/\/agora.xtec.cat\/escolabacdecerdanya\/wp-content\/uploads\/usu1753\/2020\/05\/cosme.jpg\"><\/a><br \/>\nEt donem&hellip;  <a href=\"https:\/\/agora.xtec.cat\/escolabacdecerdanya\/general\/adeu-cosme\/\" title=\"Read Ad\u00e9u Cosme\">Llegeix m\u00e9s\u00bb<\/a><\/p>\n","protected":false},"author":8,"featured_media":2713,"comment_status":"open","ping_status":"closed","sticky":false,"template":"","format":"standard","meta":{"_bbp_topic_count":0,"_bbp_reply_count":0,"_bbp_total_topic_count":0,"_bbp_total_reply_count":0,"_bbp_voice_count":0,"_bbp_anonymous_reply_count":0,"_bbp_topic_count_hidden":0,"_bbp_reply_count_hidden":0,"_bbp_forum_subforum_count":0,"footnotes":""},"categories":[1,4],"tags":[],"class_list":["post-2709","post","type-post","status-publish","format-standard","has-post-thumbnail","hentry","category-general","category-portada"],"post_mailing_queue_ids":[],"_links":{"self":[{"href":"https:\/\/agora.xtec.cat\/escolabacdecerdanya\/wp-json\/wp\/v2\/posts\/2709","targetHints":{"allow":["GET"]}}],"collection":[{"href":"https:\/\/agora.xtec.cat\/escolabacdecerdanya\/wp-json\/wp\/v2\/posts"}],"about":[{"href":"https:\/\/agora.xtec.cat\/escolabacdecerdanya\/wp-json\/wp\/v2\/types\/post"}],"author":[{"embeddable":true,"href":"https:\/\/agora.xtec.cat\/escolabacdecerdanya\/wp-json\/wp\/v2\/users\/8"}],"replies":[{"embeddable":true,"href":"https:\/\/agora.xtec.cat\/escolabacdecerdanya\/wp-json\/wp\/v2\/comments?post=2709"}],"version-history":[{"count":3,"href":"https:\/\/agora.xtec.cat\/escolabacdecerdanya\/wp-json\/wp\/v2\/posts\/2709\/revisions"}],"predecessor-version":[{"id":2716,"href":"https:\/\/agora.xtec.cat\/escolabacdecerdanya\/wp-json\/wp\/v2\/posts\/2709\/revisions\/2716"}],"wp:featuredmedia":[{"embeddable":true,"href":"https:\/\/agora.xtec.cat\/escolabacdecerdanya\/wp-json\/wp\/v2\/media\/2713"}],"wp:attachment":[{"href":"https:\/\/agora.xtec.cat\/escolabacdecerdanya\/wp-json\/wp\/v2\/media?parent=2709"}],"wp:term":[{"taxonomy":"category","embeddable":true,"href":"https:\/\/agora.xtec.cat\/escolabacdecerdanya\/wp-json\/wp\/v2\/categories?post=2709"},{"taxonomy":"post_tag","embeddable":true,"href":"https:\/\/agora.xtec.cat\/escolabacdecerdanya\/wp-json\/wp\/v2\/tags?post=2709"}],"curies":[{"name":"wp","href":"https:\/\/api.w.org\/{rel}","templated":true}]}}