{"id":2665,"date":"2020-04-29T22:25:31","date_gmt":"2020-04-29T20:25:31","guid":{"rendered":"http:\/\/agora.xtec.cat\/escolabacdecerdanya\/?p=2665"},"modified":"2020-04-29T23:20:30","modified_gmt":"2020-04-29T21:20:30","slug":"les-menines-de-velazquez-de-5e","status":"publish","type":"post","link":"https:\/\/agora.xtec.cat\/escolabacdecerdanya\/general\/les-menines-de-velazquez-de-5e\/","title":{"rendered":"LES MENINES DE VEL\u00c1ZQUEZ DE 5\u00e8"},"content":{"rendered":"<p>Aquesta setmana hem conegut a l&#8217;artista Diego Vel\u00e1zquez, un dels pintors espanyols m\u00e9s importants del m\u00f3n i hem observat algunes de les seves obres. Una de les m\u00e9s important \u00e9s el quadre de las Meninas, que va pintar l&#8217;any 1656 i de la que hem fet la nostra pr\u00f2pia interpretaci\u00f3 fent servir la nostra imaginaci\u00f3 i creativitat. Les nostres Menines ens han quedat molt maques i per aix\u00f2 us les volem ensenyar. Esperem que us agradin!<\/p>\n<p>&nbsp;<\/p>\n<p><a href=\"https:\/\/padlet.com\/sperez140\/hl8ffej5thfyr24y\" target=\"_blank\" rel=\"noopener noreferrer\">Cliqueu aqu\u00ed<\/a><\/p>\n<p>&nbsp;<\/p>\n","protected":false},"excerpt":{"rendered":"<p>Aquesta setmana hem conegut a l&#8217;artista Diego Vel\u00e1zquez, un dels pintors espanyols m\u00e9s importants del m\u00f3n i hem observat algunes de les seves obres. Una de les m\u00e9s important \u00e9s el quadre de las Meninas, que va pintar l&#8217;any 1656 i de la que hem&hellip;  <a href=\"https:\/\/agora.xtec.cat\/escolabacdecerdanya\/general\/les-menines-de-velazquez-de-5e\/\" title=\"Read LES MENINES DE VEL\u00c1ZQUEZ DE 5\u00e8\">Llegeix m\u00e9s\u00bb<\/a><\/p>\n","protected":false},"author":19,"featured_media":2669,"comment_status":"open","ping_status":"closed","sticky":false,"template":"","format":"standard","meta":{"_bbp_topic_count":0,"_bbp_reply_count":0,"_bbp_total_topic_count":0,"_bbp_total_reply_count":0,"_bbp_voice_count":0,"_bbp_anonymous_reply_count":0,"_bbp_topic_count_hidden":0,"_bbp_reply_count_hidden":0,"_bbp_forum_subforum_count":0,"footnotes":""},"categories":[14,76,1,4],"tags":[],"class_list":["post-2665","post","type-post","status-publish","format-standard","has-post-thumbnail","hentry","category-5e","category-cicle-superior","category-general","category-portada"],"post_mailing_queue_ids":[],"_links":{"self":[{"href":"https:\/\/agora.xtec.cat\/escolabacdecerdanya\/wp-json\/wp\/v2\/posts\/2665","targetHints":{"allow":["GET"]}}],"collection":[{"href":"https:\/\/agora.xtec.cat\/escolabacdecerdanya\/wp-json\/wp\/v2\/posts"}],"about":[{"href":"https:\/\/agora.xtec.cat\/escolabacdecerdanya\/wp-json\/wp\/v2\/types\/post"}],"author":[{"embeddable":true,"href":"https:\/\/agora.xtec.cat\/escolabacdecerdanya\/wp-json\/wp\/v2\/users\/19"}],"replies":[{"embeddable":true,"href":"https:\/\/agora.xtec.cat\/escolabacdecerdanya\/wp-json\/wp\/v2\/comments?post=2665"}],"version-history":[{"count":3,"href":"https:\/\/agora.xtec.cat\/escolabacdecerdanya\/wp-json\/wp\/v2\/posts\/2665\/revisions"}],"predecessor-version":[{"id":2674,"href":"https:\/\/agora.xtec.cat\/escolabacdecerdanya\/wp-json\/wp\/v2\/posts\/2665\/revisions\/2674"}],"wp:featuredmedia":[{"embeddable":true,"href":"https:\/\/agora.xtec.cat\/escolabacdecerdanya\/wp-json\/wp\/v2\/media\/2669"}],"wp:attachment":[{"href":"https:\/\/agora.xtec.cat\/escolabacdecerdanya\/wp-json\/wp\/v2\/media?parent=2665"}],"wp:term":[{"taxonomy":"category","embeddable":true,"href":"https:\/\/agora.xtec.cat\/escolabacdecerdanya\/wp-json\/wp\/v2\/categories?post=2665"},{"taxonomy":"post_tag","embeddable":true,"href":"https:\/\/agora.xtec.cat\/escolabacdecerdanya\/wp-json\/wp\/v2\/tags?post=2665"}],"curies":[{"name":"wp","href":"https:\/\/api.w.org\/{rel}","templated":true}]}}