{"id":2612,"date":"2020-02-25T12:33:54","date_gmt":"2020-02-25T11:33:54","guid":{"rendered":"http:\/\/agora.xtec.cat\/escolabacdecerdanya\/?p=2612"},"modified":"2020-03-20T12:36:46","modified_gmt":"2020-03-20T11:36:46","slug":"mirem-comics-de-lasterix","status":"publish","type":"post","link":"https:\/\/agora.xtec.cat\/escolabacdecerdanya\/general\/mirem-comics-de-lasterix\/","title":{"rendered":"MIREM C\u00d2MICS DE L&#8217;AST\u00c8RIX"},"content":{"rendered":"<p>Al primer trimestre, ja vam fer la setmana cultural\u00a0 sobre l&#8217;Ast\u00e8rix I L&#8217;Ob\u00e8lix i ara per carnaval ens disfressarem tota l&#8217;escola!!<\/p>\n<p>La nostra classe serem els gals i les gal\u00b7les del poblat!!<\/p>\n<p>Per ambientar-nos hem vist alguns videos de l&#8217;Ast\u00e8rix i tamb\u00e9 hem estat mirant un munt de llibres-c\u00f2mics que tenim a la biblioteca de l&#8217;escola.<\/p>\n<p>Mireu com d&#8217;interessats estem davant dels c\u00f2mics!!!<\/p>\n<p><a href=\"https:\/\/photos.app.goo.gl\/mZd1ZeoEcYYDKBYs8\"><img loading=\"lazy\" decoding=\"async\" class=\"attachment-266x266 aligncenter\" src=\"https:\/\/agora.xtec.cat\/escolabacdecerdanya\/wp-content\/uploads\/usu1753\/2020\/03\/AST%C3%88RIX-I-OB%C3%88LIX.jpg\" alt=\"\" width=\"404\" height=\"202\" \/><\/a><\/p>\n<p>&nbsp;<\/p>\n<p>&nbsp;<\/p>\n","protected":false},"excerpt":{"rendered":"<p>Al primer trimestre, ja vam fer la setmana cultural\u00a0 sobre l&#8217;Ast\u00e8rix I L&#8217;Ob\u00e8lix i ara per carnaval ens disfressarem tota l&#8217;escola!!<br \/>\nLa nostra classe serem els gals i les gal\u00b7les del poblat!!<br \/>\nPer ambientar-nos hem vist alguns videos de l&#8217;Ast\u00e8rix i tamb\u00e9 hem estat mirant un munt&hellip;  <a href=\"https:\/\/agora.xtec.cat\/escolabacdecerdanya\/general\/mirem-comics-de-lasterix\/\" title=\"Read MIREM C\u00d2MICS DE L&#8217;AST\u00c8RIX\">Llegeix m\u00e9s\u00bb<\/a><\/p>\n","protected":false},"author":10,"featured_media":2613,"comment_status":"open","ping_status":"closed","sticky":false,"template":"","format":"standard","meta":{"_bbp_topic_count":0,"_bbp_reply_count":0,"_bbp_total_topic_count":0,"_bbp_total_reply_count":0,"_bbp_voice_count":0,"_bbp_anonymous_reply_count":0,"_bbp_topic_count_hidden":0,"_bbp_reply_count_hidden":0,"_bbp_forum_subforum_count":0,"footnotes":""},"categories":[65,103,1,3,4],"tags":[],"class_list":["post-2612","post","type-post","status-publish","format-standard","has-post-thumbnail","hentry","category-carnestoltes","category-infantil-2","category-general","category-p3","category-portada"],"post_mailing_queue_ids":[],"_links":{"self":[{"href":"https:\/\/agora.xtec.cat\/escolabacdecerdanya\/wp-json\/wp\/v2\/posts\/2612","targetHints":{"allow":["GET"]}}],"collection":[{"href":"https:\/\/agora.xtec.cat\/escolabacdecerdanya\/wp-json\/wp\/v2\/posts"}],"about":[{"href":"https:\/\/agora.xtec.cat\/escolabacdecerdanya\/wp-json\/wp\/v2\/types\/post"}],"author":[{"embeddable":true,"href":"https:\/\/agora.xtec.cat\/escolabacdecerdanya\/wp-json\/wp\/v2\/users\/10"}],"replies":[{"embeddable":true,"href":"https:\/\/agora.xtec.cat\/escolabacdecerdanya\/wp-json\/wp\/v2\/comments?post=2612"}],"version-history":[{"count":2,"href":"https:\/\/agora.xtec.cat\/escolabacdecerdanya\/wp-json\/wp\/v2\/posts\/2612\/revisions"}],"predecessor-version":[{"id":2615,"href":"https:\/\/agora.xtec.cat\/escolabacdecerdanya\/wp-json\/wp\/v2\/posts\/2612\/revisions\/2615"}],"wp:featuredmedia":[{"embeddable":true,"href":"https:\/\/agora.xtec.cat\/escolabacdecerdanya\/wp-json\/wp\/v2\/media\/2613"}],"wp:attachment":[{"href":"https:\/\/agora.xtec.cat\/escolabacdecerdanya\/wp-json\/wp\/v2\/media?parent=2612"}],"wp:term":[{"taxonomy":"category","embeddable":true,"href":"https:\/\/agora.xtec.cat\/escolabacdecerdanya\/wp-json\/wp\/v2\/categories?post=2612"},{"taxonomy":"post_tag","embeddable":true,"href":"https:\/\/agora.xtec.cat\/escolabacdecerdanya\/wp-json\/wp\/v2\/tags?post=2612"}],"curies":[{"name":"wp","href":"https:\/\/api.w.org\/{rel}","templated":true}]}}