{"id":2596,"date":"2020-03-20T10:09:34","date_gmt":"2020-03-20T09:09:34","guid":{"rendered":"http:\/\/agora.xtec.cat\/escolabacdecerdanya\/?p=2596"},"modified":"2020-03-20T11:45:20","modified_gmt":"2020-03-20T10:45:20","slug":"festa-de-confetti","status":"publish","type":"post","link":"https:\/\/agora.xtec.cat\/escolabacdecerdanya\/general\/festa-de-confetti\/","title":{"rendered":"FESTA DE CONFETTI!!!"},"content":{"rendered":"<p>Divendres 21 de febrer a la tarda, despr\u00e9s de dinar tots junts la rostita al menjador del cole, a la classe dels cavalls vam fer una festa per tancar el carnaval. Vam posar m\u00fasica per ballar i&#8230;confetti!!!<\/p>\n<p>De primer, nom\u00e9s un grapat que tot just ens hi cabia a les nostres manetes, per\u00f2 a mida que avan\u00e7ava la tarda el confetti va inundar tota la classe i fins i tot van venir els nostres ve\u00efns de P4, els cotxes de carreres a divertir-se amb nosaltres.<\/p>\n<p><a href=\"https:\/\/photos.app.goo.gl\/cd2wNLaRzbJ6D3bY7\"><img loading=\"lazy\" decoding=\"async\" class=\"attachment-266x266 size-266x266 alignright\" src=\"https:\/\/agora.xtec.cat\/escolabacdecerdanya\/wp-content\/uploads\/usu1753\/2020\/03\/CONFETTI-300x300.jpg\" alt=\"\" width=\"266\" height=\"266\" \/><\/a><\/p>\n","protected":false},"excerpt":{"rendered":"<p>Divendres 21 de febrer a la tarda, despr\u00e9s de dinar tots junts la rostita al menjador del cole, a la classe dels cavalls vam fer una festa per tancar el carnaval. Vam posar m\u00fasica per ballar i&#8230;confetti!!!<br \/>\nDe primer, nom\u00e9s un grapat que tot just ens&hellip;  <a href=\"https:\/\/agora.xtec.cat\/escolabacdecerdanya\/general\/festa-de-confetti\/\" title=\"Read FESTA DE CONFETTI!!!\">Llegeix m\u00e9s\u00bb<\/a><\/p>\n","protected":false},"author":10,"featured_media":2597,"comment_status":"open","ping_status":"closed","sticky":false,"template":"","format":"standard","meta":{"_bbp_topic_count":0,"_bbp_reply_count":0,"_bbp_total_topic_count":0,"_bbp_total_reply_count":0,"_bbp_voice_count":0,"_bbp_anonymous_reply_count":0,"_bbp_topic_count_hidden":0,"_bbp_reply_count_hidden":0,"_bbp_forum_subforum_count":0,"footnotes":""},"categories":[65,103,161,1,3,8,4],"tags":[],"class_list":["post-2596","post","type-post","status-publish","format-standard","has-post-thumbnail","hentry","category-carnestoltes","category-infantil-2","category-festes","category-general","category-p3","category-p4","category-portada"],"post_mailing_queue_ids":[],"_links":{"self":[{"href":"https:\/\/agora.xtec.cat\/escolabacdecerdanya\/wp-json\/wp\/v2\/posts\/2596","targetHints":{"allow":["GET"]}}],"collection":[{"href":"https:\/\/agora.xtec.cat\/escolabacdecerdanya\/wp-json\/wp\/v2\/posts"}],"about":[{"href":"https:\/\/agora.xtec.cat\/escolabacdecerdanya\/wp-json\/wp\/v2\/types\/post"}],"author":[{"embeddable":true,"href":"https:\/\/agora.xtec.cat\/escolabacdecerdanya\/wp-json\/wp\/v2\/users\/10"}],"replies":[{"embeddable":true,"href":"https:\/\/agora.xtec.cat\/escolabacdecerdanya\/wp-json\/wp\/v2\/comments?post=2596"}],"version-history":[{"count":3,"href":"https:\/\/agora.xtec.cat\/escolabacdecerdanya\/wp-json\/wp\/v2\/posts\/2596\/revisions"}],"predecessor-version":[{"id":2602,"href":"https:\/\/agora.xtec.cat\/escolabacdecerdanya\/wp-json\/wp\/v2\/posts\/2596\/revisions\/2602"}],"wp:featuredmedia":[{"embeddable":true,"href":"https:\/\/agora.xtec.cat\/escolabacdecerdanya\/wp-json\/wp\/v2\/media\/2597"}],"wp:attachment":[{"href":"https:\/\/agora.xtec.cat\/escolabacdecerdanya\/wp-json\/wp\/v2\/media?parent=2596"}],"wp:term":[{"taxonomy":"category","embeddable":true,"href":"https:\/\/agora.xtec.cat\/escolabacdecerdanya\/wp-json\/wp\/v2\/categories?post=2596"},{"taxonomy":"post_tag","embeddable":true,"href":"https:\/\/agora.xtec.cat\/escolabacdecerdanya\/wp-json\/wp\/v2\/tags?post=2596"}],"curies":[{"name":"wp","href":"https:\/\/api.w.org\/{rel}","templated":true}]}}