{"id":2589,"date":"2020-03-19T16:18:20","date_gmt":"2020-03-19T15:18:20","guid":{"rendered":"http:\/\/agora.xtec.cat\/escolabacdecerdanya\/?p=2589"},"modified":"2020-03-19T16:18:20","modified_gmt":"2020-03-19T15:18:20","slug":"confegim-els-nostres-noms-a-la-taula-de-llum","status":"publish","type":"post","link":"https:\/\/agora.xtec.cat\/escolabacdecerdanya\/general\/confegim-els-nostres-noms-a-la-taula-de-llum\/","title":{"rendered":"CONFEGIM ELS NOSTRES NOMS A LA TAULA DE LLUM"},"content":{"rendered":"<p>Els dimecres el grup classe queda partit en dos i un grup fa rob\u00f2tica o activitats amb tablets i l&#8217;altre activitats que precisen d&#8217;una atenci\u00f3 m\u00e9s individualitzada. A l&#8217;\u00faltima sessi\u00f3 hem estat treballant amb lletres a la taula de llum i despr\u00e9s de jugar-hi una estona hem confegit els nostres noms.<\/p>\n<figure class=\"figure wp-caption aligncenter\"><a href=\"https:\/\/photos.app.goo.gl\/iQkPjK2tEMErQBZT6\"><img loading=\"lazy\" decoding=\"async\" class=\"attachment-266x266 \" src=\"https:\/\/agora.xtec.cat\/escolabacdecerdanya\/wp-content\/uploads\/usu1753\/2020\/03\/lletres-taula-de-llum.jpg\" alt=\"\" width=\"238\" height=\"318\" \/><\/a><figcaption class=\"wp-caption-text\">LLETRES-TAULA LLUM<\/figcaption><\/figure>\n<p>&nbsp;<\/p>\n","protected":false},"excerpt":{"rendered":"<p>Els dimecres el grup classe queda partit en dos i un grup fa rob\u00f2tica o activitats amb tablets i l&#8217;altre activitats que precisen d&#8217;una atenci\u00f3 m\u00e9s individualitzada. A l&#8217;\u00faltima sessi\u00f3 hem estat treballant amb lletres a la taula de llum i despr\u00e9s de jugar-hi una&hellip;  <a href=\"https:\/\/agora.xtec.cat\/escolabacdecerdanya\/general\/confegim-els-nostres-noms-a-la-taula-de-llum\/\" title=\"Read CONFEGIM ELS NOSTRES NOMS A LA TAULA DE LLUM\">Llegeix m\u00e9s\u00bb<\/a><\/p>\n","protected":false},"author":10,"featured_media":2590,"comment_status":"open","ping_status":"closed","sticky":false,"template":"","format":"standard","meta":{"_bbp_topic_count":0,"_bbp_reply_count":0,"_bbp_total_topic_count":0,"_bbp_total_reply_count":0,"_bbp_voice_count":0,"_bbp_anonymous_reply_count":0,"_bbp_topic_count_hidden":0,"_bbp_reply_count_hidden":0,"_bbp_forum_subforum_count":0,"footnotes":""},"categories":[103,1,3],"tags":[],"class_list":["post-2589","post","type-post","status-publish","format-standard","has-post-thumbnail","hentry","category-infantil-2","category-general","category-p3"],"post_mailing_queue_ids":[],"_links":{"self":[{"href":"https:\/\/agora.xtec.cat\/escolabacdecerdanya\/wp-json\/wp\/v2\/posts\/2589","targetHints":{"allow":["GET"]}}],"collection":[{"href":"https:\/\/agora.xtec.cat\/escolabacdecerdanya\/wp-json\/wp\/v2\/posts"}],"about":[{"href":"https:\/\/agora.xtec.cat\/escolabacdecerdanya\/wp-json\/wp\/v2\/types\/post"}],"author":[{"embeddable":true,"href":"https:\/\/agora.xtec.cat\/escolabacdecerdanya\/wp-json\/wp\/v2\/users\/10"}],"replies":[{"embeddable":true,"href":"https:\/\/agora.xtec.cat\/escolabacdecerdanya\/wp-json\/wp\/v2\/comments?post=2589"}],"version-history":[{"count":3,"href":"https:\/\/agora.xtec.cat\/escolabacdecerdanya\/wp-json\/wp\/v2\/posts\/2589\/revisions"}],"predecessor-version":[{"id":2595,"href":"https:\/\/agora.xtec.cat\/escolabacdecerdanya\/wp-json\/wp\/v2\/posts\/2589\/revisions\/2595"}],"wp:featuredmedia":[{"embeddable":true,"href":"https:\/\/agora.xtec.cat\/escolabacdecerdanya\/wp-json\/wp\/v2\/media\/2590"}],"wp:attachment":[{"href":"https:\/\/agora.xtec.cat\/escolabacdecerdanya\/wp-json\/wp\/v2\/media?parent=2589"}],"wp:term":[{"taxonomy":"category","embeddable":true,"href":"https:\/\/agora.xtec.cat\/escolabacdecerdanya\/wp-json\/wp\/v2\/categories?post=2589"},{"taxonomy":"post_tag","embeddable":true,"href":"https:\/\/agora.xtec.cat\/escolabacdecerdanya\/wp-json\/wp\/v2\/tags?post=2589"}],"curies":[{"name":"wp","href":"https:\/\/api.w.org\/{rel}","templated":true}]}}