{"id":2574,"date":"2019-09-17T15:54:37","date_gmt":"2019-09-17T13:54:37","guid":{"rendered":"http:\/\/agora.xtec.cat\/escolabacdecerdanya\/?p=2574"},"modified":"2020-03-20T12:41:05","modified_gmt":"2020-03-20T11:41:05","slug":"adaptacio-dels-mes-petits-benvinguts-a-lescola","status":"publish","type":"post","link":"https:\/\/agora.xtec.cat\/escolabacdecerdanya\/general\/adaptacio-dels-mes-petits-benvinguts-a-lescola\/","title":{"rendered":"ADAPTACI\u00d3 DELS M\u00c9S PETITS. BENVINGUTS A L&#8217;ESCOLA!!!"},"content":{"rendered":"<p>Benvogudes fam\u00edlies&#8230;<\/p>\n<p>Els primers dies d&#8217;escola s\u00f3n molt emocionant pels vostres fills i filles, \u00e9s un moment de descobriment d&#8217;espais i gent nova. Hi ha diverses maneres d&#8217;enfrontar-se a aquest moment de la seva curta vida, hi haur\u00e0 el qui ho viur\u00e0 amb molt de gaudi i qui ho far\u00e0 amb certa angoixa, tot plegat res que no estigui dins la normalitat.<\/p>\n<p>Aqu\u00ed van algunes imatges de com ho estan visquent\u00a0els vostres nens i nenes en aquests primers dies de curs.<img loading=\"lazy\" decoding=\"async\" class=\"attachment-266x266 \" src=\"https:\/\/agora.xtec.cat\/escolabacdecerdanya\/wp-content\/uploads\/usu1753\/2020\/03\/sorral-1.jpg\" alt=\"\" width=\"339\" height=\"255\" \/><\/p>\n<p><a href=\"https:\/\/photos.google.com\/album\/AF1QipMH4LMOa_f-0I9dUVMfYJ2poPijxRtRS4MjNj4v\">Ahttps:\/\/photos.google.com\/album\/AF1QipMH4LMOa_f-0I9dUVMfYJ2poPijxRtRS4MjNj4v<\/a><\/p>\n","protected":false},"excerpt":{"rendered":"<p>AL PATI, A LA CLASSE&#8230;&hellip;  <a href=\"https:\/\/agora.xtec.cat\/escolabacdecerdanya\/general\/adaptacio-dels-mes-petits-benvinguts-a-lescola\/\" title=\"Read ADAPTACI\u00d3 DELS M\u00c9S PETITS. BENVINGUTS A L&#8217;ESCOLA!!!\">Llegeix m\u00e9s\u00bb<\/a><\/p>\n","protected":false},"author":10,"featured_media":2577,"comment_status":"open","ping_status":"closed","sticky":false,"template":"","format":"standard","meta":{"_bbp_topic_count":0,"_bbp_reply_count":0,"_bbp_total_topic_count":0,"_bbp_total_reply_count":0,"_bbp_voice_count":0,"_bbp_anonymous_reply_count":0,"_bbp_topic_count_hidden":0,"_bbp_reply_count_hidden":0,"_bbp_forum_subforum_count":0,"footnotes":""},"categories":[103,1,3,4],"tags":[],"class_list":["post-2574","post","type-post","status-publish","format-standard","has-post-thumbnail","hentry","category-infantil-2","category-general","category-p3","category-portada"],"post_mailing_queue_ids":[],"_links":{"self":[{"href":"https:\/\/agora.xtec.cat\/escolabacdecerdanya\/wp-json\/wp\/v2\/posts\/2574","targetHints":{"allow":["GET"]}}],"collection":[{"href":"https:\/\/agora.xtec.cat\/escolabacdecerdanya\/wp-json\/wp\/v2\/posts"}],"about":[{"href":"https:\/\/agora.xtec.cat\/escolabacdecerdanya\/wp-json\/wp\/v2\/types\/post"}],"author":[{"embeddable":true,"href":"https:\/\/agora.xtec.cat\/escolabacdecerdanya\/wp-json\/wp\/v2\/users\/10"}],"replies":[{"embeddable":true,"href":"https:\/\/agora.xtec.cat\/escolabacdecerdanya\/wp-json\/wp\/v2\/comments?post=2574"}],"version-history":[{"count":3,"href":"https:\/\/agora.xtec.cat\/escolabacdecerdanya\/wp-json\/wp\/v2\/posts\/2574\/revisions"}],"predecessor-version":[{"id":2579,"href":"https:\/\/agora.xtec.cat\/escolabacdecerdanya\/wp-json\/wp\/v2\/posts\/2574\/revisions\/2579"}],"wp:featuredmedia":[{"embeddable":true,"href":"https:\/\/agora.xtec.cat\/escolabacdecerdanya\/wp-json\/wp\/v2\/media\/2577"}],"wp:attachment":[{"href":"https:\/\/agora.xtec.cat\/escolabacdecerdanya\/wp-json\/wp\/v2\/media?parent=2574"}],"wp:term":[{"taxonomy":"category","embeddable":true,"href":"https:\/\/agora.xtec.cat\/escolabacdecerdanya\/wp-json\/wp\/v2\/categories?post=2574"},{"taxonomy":"post_tag","embeddable":true,"href":"https:\/\/agora.xtec.cat\/escolabacdecerdanya\/wp-json\/wp\/v2\/tags?post=2574"}],"curies":[{"name":"wp","href":"https:\/\/api.w.org\/{rel}","templated":true}]}}