{"id":2565,"date":"2020-03-16T15:36:36","date_gmt":"2020-03-16T14:36:36","guid":{"rendered":"http:\/\/agora.xtec.cat\/escolabacdecerdanya\/?p=2565"},"modified":"2020-04-14T15:49:59","modified_gmt":"2020-04-14T13:49:59","slug":"tancament-de-lescola-pel-covid-19","status":"publish","type":"post","link":"https:\/\/agora.xtec.cat\/escolabacdecerdanya\/general\/tancament-de-lescola-pel-covid-19\/","title":{"rendered":"Tancament de l&#8217;escola pel COVID-19"},"content":{"rendered":"<h3 style=\"text-align: center;\"><span style=\"color: #ff0000;\"><strong>Seguint les recomanacions del Departament d&#8217;Educaci\u00f3 i de Salut, la nostra escola estar\u00e0 tancada temporalment i fins a nou av\u00eds.<\/strong><\/span><\/h3>\n<p>Benvolgudes fam\u00edlies de l&#8217;escola,<\/p>\n<p><u><\/u><u><\/u>El Departament d\u2019Educaci\u00f3, seguint instruccions del Departament de Salut i com a mesura excepcional per contenir el coronavirus,\u00a0<span style=\"font-size: large;\"><b><u>ha pres la decisi\u00f3 de tancar<\/u>\u00a0a partir del dia 13 de mar\u00e7 i fins al proper dia 27 mar\u00e7, ambd\u00f3s inclosos<\/b>,\u00a0<b>tots els centres educatius del pa\u00eds<\/b><\/span>\u00a0i, per tant, han quedat suspeses les classes en horari lectiu i les activitats extraescolars del nostre centre.<\/p>\n<p><u><\/u>\u00a0<u><\/u>Seguirem prestant\u00a0\u00a0atenci\u00f3\u00a0a les instruccions del Departament de Salut i a l\u2019evoluci\u00f3 de la situaci\u00f3.\u00a0<u><\/u><u><\/u><\/p>\n<p><u><\/u>\u00a0<u><\/u>Tamb\u00e9 us\u00a0recordem que cal que\u00a0seguiu les indicacions, recomanacions i protocols que estableix el Departament de Salut pel que fa a la prevenci\u00f3 del virus i que podeu\u00a0consultar\u00a0a\u00a0<a href=\"http:\/\/canalsalut.gencat.cat\/coronavirus\" target=\"_blank\" rel=\"noopener noreferrer\" data-saferedirecturl=\"https:\/\/www.google.com\/url?q=http:\/\/canalsalut.gencat.cat\/coronavirus&amp;source=gmail&amp;ust=1584455611872000&amp;usg=AFQjCNGghIoCbPU5kcmaW6TzIB7BYmL62A\">http:\/\/<wbr \/>canalsalut.gencat.cat\/<wbr \/>coronavirus<\/a>\u00a0<u><\/u><u><\/u><\/p>\n<p><u><\/u>\u00a0<u><\/u>El Departament d\u2019Educaci\u00f3 far\u00e0 arribar\u00a0a la direcci\u00f3 del centre\u00a0les indicacions pertinents en relaci\u00f3 als dubtes que\u00a0puguin anar sorgint.\u00a0\u00a0<span style=\"font-size: large;\"><b>Podreu comunicar amb la Direcci\u00f3 de l&#8217;escola a trav\u00e9s del correu electr\u00f2nic del centre, NO DE MANERA PRESENCIAL JA QUE L&#8217;ESCOLA ESTAR\u00c0 TANCADA.<\/b><\/span><u><\/u><u><\/u><\/p>\n<p><span style=\"color: #ff0000; font-family: Calibri, sans-serif; font-size: large;\"><b>L&#8217;equip de mestres ens organitzarem\u00a0<u>a partir de dilluns vinent<\/u>\u00a0per fer arribar als i les alumnes de prim\u00e0ria\u00a0<u>tasques de treball que podran fer a casa<\/u>\u00a0a trav\u00e9s del classroom o amb els llibres de text.<\/b><\/span><\/p>\n<p><b><u><\/u>\u00a0<\/b><u><\/u>Us agra\u00efm la vostra comprensi\u00f3\u00a0i col\u00b7laboraci\u00f3.\u00a0<u><\/u><u><\/u><\/p>\n<p>Atentament,<\/p>\n<p>La Direcci\u00f3<\/p>\n<p>&nbsp;<\/p>\n","protected":false},"excerpt":{"rendered":"<p>Seguint les recomanacions del Departament d&#8217;Educaci\u00f3 i de Salut, la nostra escola estar\u00e0 tancada temporalment i fins a nou av\u00eds.<br \/>\nBenvolgudes fam\u00edlies de l&#8217;escola,<br \/>\nEl Departament d\u2019Educaci\u00f3, seguint instruccions del Departament de Salut i com a mesura excepcional per contenir el coronavirus,\u00a0ha pres la decisi\u00f3 de tancar\u00a0a&hellip;  <a href=\"https:\/\/agora.xtec.cat\/escolabacdecerdanya\/general\/tancament-de-lescola-pel-covid-19\/\" title=\"Read Tancament de l&#8217;escola pel COVID-19\">Llegeix m\u00e9s\u00bb<\/a><\/p>\n","protected":false},"author":1,"featured_media":2566,"comment_status":"open","ping_status":"closed","sticky":false,"template":"","format":"standard","meta":{"_bbp_topic_count":0,"_bbp_reply_count":0,"_bbp_total_topic_count":0,"_bbp_total_reply_count":0,"_bbp_voice_count":0,"_bbp_anonymous_reply_count":0,"_bbp_topic_count_hidden":0,"_bbp_reply_count_hidden":0,"_bbp_forum_subforum_count":0,"footnotes":""},"categories":[7,60,1,61,4],"tags":[],"class_list":["post-2565","post","type-post","status-publish","format-standard","has-post-thumbnail","hentry","category-ampa","category-families","category-general","category-novetats","category-portada"],"post_mailing_queue_ids":[],"_links":{"self":[{"href":"https:\/\/agora.xtec.cat\/escolabacdecerdanya\/wp-json\/wp\/v2\/posts\/2565","targetHints":{"allow":["GET"]}}],"collection":[{"href":"https:\/\/agora.xtec.cat\/escolabacdecerdanya\/wp-json\/wp\/v2\/posts"}],"about":[{"href":"https:\/\/agora.xtec.cat\/escolabacdecerdanya\/wp-json\/wp\/v2\/types\/post"}],"author":[{"embeddable":true,"href":"https:\/\/agora.xtec.cat\/escolabacdecerdanya\/wp-json\/wp\/v2\/users\/1"}],"replies":[{"embeddable":true,"href":"https:\/\/agora.xtec.cat\/escolabacdecerdanya\/wp-json\/wp\/v2\/comments?post=2565"}],"version-history":[{"count":1,"href":"https:\/\/agora.xtec.cat\/escolabacdecerdanya\/wp-json\/wp\/v2\/posts\/2565\/revisions"}],"predecessor-version":[{"id":2567,"href":"https:\/\/agora.xtec.cat\/escolabacdecerdanya\/wp-json\/wp\/v2\/posts\/2565\/revisions\/2567"}],"wp:featuredmedia":[{"embeddable":true,"href":"https:\/\/agora.xtec.cat\/escolabacdecerdanya\/wp-json\/wp\/v2\/media\/2566"}],"wp:attachment":[{"href":"https:\/\/agora.xtec.cat\/escolabacdecerdanya\/wp-json\/wp\/v2\/media?parent=2565"}],"wp:term":[{"taxonomy":"category","embeddable":true,"href":"https:\/\/agora.xtec.cat\/escolabacdecerdanya\/wp-json\/wp\/v2\/categories?post=2565"},{"taxonomy":"post_tag","embeddable":true,"href":"https:\/\/agora.xtec.cat\/escolabacdecerdanya\/wp-json\/wp\/v2\/tags?post=2565"}],"curies":[{"name":"wp","href":"https:\/\/api.w.org\/{rel}","templated":true}]}}