{"id":2548,"date":"2020-03-12T09:00:17","date_gmt":"2020-03-12T08:00:17","guid":{"rendered":"http:\/\/agora.xtec.cat\/escolabacdecerdanya\/?p=2548"},"modified":"2020-05-11T10:38:32","modified_gmt":"2020-05-11T08:38:32","slug":"jornada-de-portes-obertes-a-lescola","status":"publish","type":"post","link":"https:\/\/agora.xtec.cat\/escolabacdecerdanya\/general\/jornada-de-portes-obertes-a-lescola\/","title":{"rendered":"Jornada de portes obertes a l&#8217;escola"},"content":{"rendered":"<p>El passat dimecres 11 de mar\u00e7 vam celebrar la jornada de portes obertes a l&#8217;escola. Els alumnes han treballat molt per mostrar la nostra escola a trav\u00e9s d&#8217;uns v\u00eddeos que les fam\u00edlies interessades van poder veure a trav\u00e9s de la lectura de codis QR.<\/p>\n<p>Els alumnes de 3r fins a 6\u00e8 van estar filmant diferents espais i moments a l&#8217;escola perqu\u00e8 els alumnes de 6\u00e8 poguessin editar els v\u00eddeos. Aquests v\u00eddeos han servit perqu\u00e8 els pares que van visitar l&#8217;escola a la tarda sense alumnes, tinguessin una idea de com \u00e9s l&#8217;escola en el seu dia a dia.<\/p>\n<p>Us deixem els v\u00eddeos de les instal\u00b7lacions perqu\u00e8 pugueu gaudir-los!<\/p>\n<h3><strong>P3<\/strong><\/h3>\n<p><iframe loading=\"lazy\" src=\"\/\/www.youtube.com\/embed\/aiCv9-1A670\" width=\"560\" height=\"315\" frameborder=\"0\"><\/iframe><\/p>\n<h3>P4 i P5<\/h3>\n<p><iframe loading=\"lazy\" src=\"\/\/www.youtube.com\/embed\/eiU5mTK2BFM\" width=\"560\" height=\"315\" frameborder=\"0\"><\/iframe><\/p>\n<h3>GIMN\u00c0S<\/h3>\n<p><iframe loading=\"lazy\" src=\"\/\/www.youtube.com\/embed\/9e4ux4NOCpU\" width=\"560\" height=\"315\" frameborder=\"0\"><\/iframe><\/p>\n<h3>CICLE INICIAL<\/h3>\n<p><iframe loading=\"lazy\" src=\"\/\/www.youtube.com\/embed\/avtdBwK4_6k\" width=\"560\" height=\"315\" frameborder=\"0\"><\/iframe><\/p>\n<h3>M\u00daSICA<\/h3>\n<p><iframe loading=\"lazy\" src=\"\/\/www.youtube.com\/embed\/SrSDHXXWn7g\" width=\"560\" height=\"315\" frameborder=\"0\"><\/iframe><\/p>\n<h3>MENJADOR I CUINA<\/h3>\n<p><iframe loading=\"lazy\" src=\"\/\/www.youtube.com\/embed\/wRh8BWTidHc\" width=\"560\" height=\"315\" frameborder=\"0\"><\/iframe><\/p>\n<h3>PATI<\/h3>\n<p><iframe loading=\"lazy\" src=\"\/\/www.youtube.com\/embed\/mm_xJhEvAQc\" width=\"560\" height=\"315\" frameborder=\"0\"><\/iframe><\/p>\n<h3>INFORM\u00c0TICA i TAC<\/h3>\n<p><iframe loading=\"lazy\" src=\"\/\/www.youtube.com\/embed\/zi8jPB4to0I\" width=\"560\" height=\"315\" frameborder=\"0\"><\/iframe><\/p>\n<h3>6\u00c8<\/h3>\n<p><iframe loading=\"lazy\" src=\"\/\/www.youtube.com\/embed\/d_xuh5qvJp4\" width=\"560\" height=\"315\" frameborder=\"0\"><\/iframe><\/p>\n<h3>5\u00c8<\/h3>\n<p><iframe loading=\"lazy\" src=\"\/\/www.youtube.com\/embed\/SssHOjCktMI\" width=\"560\" height=\"315\" frameborder=\"0\"><\/iframe><\/p>\n<h3>SUPORT<\/h3>\n<p><iframe loading=\"lazy\" src=\"\/\/www.youtube.com\/embed\/GO00hGXykCE\" width=\"560\" height=\"315\" frameborder=\"0\"><\/iframe><\/p>\n<h3>SEP<\/h3>\n<p><iframe loading=\"lazy\" src=\"\/\/www.youtube.com\/embed\/Te6i7lZg5R0\" width=\"560\" height=\"315\" frameborder=\"0\"><\/iframe><\/p>\n","protected":false},"excerpt":{"rendered":"<p>El passat dimecres 11 de mar\u00e7 vam celebrar la jornada de portes obertes a l&#8217;escola. Els alumnes han treballat molt per mostrar la nostra escola a trav\u00e9s d&#8217;uns v\u00eddeos que les fam\u00edlies interessades van poder veure a trav\u00e9s de la lectura de codis QR.<br \/>\nEls alumnes&hellip;  <a href=\"https:\/\/agora.xtec.cat\/escolabacdecerdanya\/general\/jornada-de-portes-obertes-a-lescola\/\" title=\"Read Jornada de portes obertes a l&#8217;escola\">Llegeix m\u00e9s\u00bb<\/a><\/p>\n","protected":false},"author":1,"featured_media":463,"comment_status":"open","ping_status":"closed","sticky":false,"template":"","format":"standard","meta":{"_bbp_topic_count":0,"_bbp_reply_count":0,"_bbp_total_topic_count":0,"_bbp_total_reply_count":0,"_bbp_voice_count":0,"_bbp_anonymous_reply_count":0,"_bbp_topic_count_hidden":0,"_bbp_reply_count_hidden":0,"_bbp_forum_subforum_count":0,"footnotes":""},"categories":[12,13,14,15,105,76,60,1,141,61,4,116],"tags":[],"class_list":["post-2548","post","type-post","status-publish","format-standard","has-post-thumbnail","hentry","category-3r","category-4t","category-5e","category-6e","category-mitja","category-cicle-superior","category-families","category-general","category-informatica","category-novetats","category-portada","category-tac"],"post_mailing_queue_ids":[],"_links":{"self":[{"href":"https:\/\/agora.xtec.cat\/escolabacdecerdanya\/wp-json\/wp\/v2\/posts\/2548","targetHints":{"allow":["GET"]}}],"collection":[{"href":"https:\/\/agora.xtec.cat\/escolabacdecerdanya\/wp-json\/wp\/v2\/posts"}],"about":[{"href":"https:\/\/agora.xtec.cat\/escolabacdecerdanya\/wp-json\/wp\/v2\/types\/post"}],"author":[{"embeddable":true,"href":"https:\/\/agora.xtec.cat\/escolabacdecerdanya\/wp-json\/wp\/v2\/users\/1"}],"replies":[{"embeddable":true,"href":"https:\/\/agora.xtec.cat\/escolabacdecerdanya\/wp-json\/wp\/v2\/comments?post=2548"}],"version-history":[{"count":1,"href":"https:\/\/agora.xtec.cat\/escolabacdecerdanya\/wp-json\/wp\/v2\/posts\/2548\/revisions"}],"predecessor-version":[{"id":2549,"href":"https:\/\/agora.xtec.cat\/escolabacdecerdanya\/wp-json\/wp\/v2\/posts\/2548\/revisions\/2549"}],"wp:featuredmedia":[{"embeddable":true,"href":"https:\/\/agora.xtec.cat\/escolabacdecerdanya\/wp-json\/wp\/v2\/media\/463"}],"wp:attachment":[{"href":"https:\/\/agora.xtec.cat\/escolabacdecerdanya\/wp-json\/wp\/v2\/media?parent=2548"}],"wp:term":[{"taxonomy":"category","embeddable":true,"href":"https:\/\/agora.xtec.cat\/escolabacdecerdanya\/wp-json\/wp\/v2\/categories?post=2548"},{"taxonomy":"post_tag","embeddable":true,"href":"https:\/\/agora.xtec.cat\/escolabacdecerdanya\/wp-json\/wp\/v2\/tags?post=2548"}],"curies":[{"name":"wp","href":"https:\/\/api.w.org\/{rel}","templated":true}]}}