{"id":2544,"date":"2020-03-04T20:37:00","date_gmt":"2020-03-04T19:37:00","guid":{"rendered":"http:\/\/agora.xtec.cat\/escolabacdecerdanya\/?p=2544"},"modified":"2020-03-04T20:37:00","modified_gmt":"2020-03-04T19:37:00","slug":"campionat-del-mon-a-la-molina","status":"publish","type":"post","link":"https:\/\/agora.xtec.cat\/escolabacdecerdanya\/general\/campionat-del-mon-a-la-molina\/","title":{"rendered":"CAMPIONAT DEL M\u00d3N A LA MOLINA"},"content":{"rendered":"<p>Dimarts dia 3 de mar\u00e7 es va celebrar la Copa del M\u00f3n Para Snowboard organitzat per La Molina. Degut a les condicions meteorol\u00f2giques els alumnes de l&#8217;escola no vam poder presenciar la cursa, tal com s&#8217;havia organitzat inicialment, per\u00f2 s\u00ed que vam poder fer una gimcana i un monitor de PLAY&amp;TRAIN ens va fer una explicaci\u00f3 de la tasca que fan. Com veureu a les fotos, tamb\u00e9 ens vam poder fer una foto amb alguns dels esportistes que participaven a la cursa.<\/p>\n<p><a href=\"https:\/\/photos.app.goo.gl\/n56vfs8jnxU9HexP6\"><img loading=\"lazy\" decoding=\"async\" class=\"aligncenter\" src=\"https:\/\/lh3.googleusercontent.com\/YPVkEgC5POZIb-DbeQPtpyYhFVEY2vT_74WYDZnMtoPFQRK3ek3Ab9kfcv50rw2i1rJE2FILozrSiRJE_F7GTqZL7zPJuSR5nsceTFtJwNlZorzKJiPbE_YqxEjriiWr-gmGJCyMtPhruemwdMNniEpGzPJS1m1_e71OtRzR5AAcKy3zaQeT18sBjfXIqiQ21UdsQN_IWg35W8wSEqx6cjWcLe3XkEPfEIpiX8YWYKLUqnky87YuSxmx-wdgawA7rRCp7cnkRgoOMSGKijiz1AECwCIZzvXheFn_Gcv5yYTFsBLsR0gNbiw_VnU32H3ZJQBK8TPJBVKM-ZEY7kYYntvlRmbdvAVIvnElJSbafFK8QiJMI2HnwpwUgKLp_k6Av60NrRngjgrFnAPlB0g3Pd_c0_xmgpD3h4sCC35L15feWKnf3D08cyuvT_eKpBL0Z4ZolUrGB2ARAeuksOfb-C3yLyigkYbC383h5XxtESLCZzaPqgsbRcaLkdCqfy1BOjckzDGWcY2dX2xx6eEZB35UVOdGy-FJC-RY11ZRVJpx9XMAPENdgdmOkNfHDGTG1eNzglh4tKTB-NCx53FF4i6CanHOh57VJ0Z_GJx5o6advUntV6RVGu9fEeSbdVFDmYfwjQ5PrLOsDC35WUCyn5ceN9XRMY2oaNlH2NVBPDLOp3XQxOLj_Do=w876-h657-no\" width=\"462\" height=\"347\" \/><\/a><\/p>\n","protected":false},"excerpt":{"rendered":"<p>Dimarts dia 3 de mar\u00e7 es va celebrar la Copa del M\u00f3n Para Snowboard organitzat per La Molina. Degut a les condicions meteorol\u00f2giques els alumnes de l&#8217;escola no vam poder presenciar la cursa, tal com s&#8217;havia organitzat inicialment, per\u00f2 s\u00ed que vam poder fer una&hellip;  <a href=\"https:\/\/agora.xtec.cat\/escolabacdecerdanya\/general\/campionat-del-mon-a-la-molina\/\" title=\"Read CAMPIONAT DEL M\u00d3N A LA MOLINA\">Llegeix m\u00e9s\u00bb<\/a><\/p>\n","protected":false},"author":27,"featured_media":2546,"comment_status":"open","ping_status":"closed","sticky":false,"template":"","format":"standard","meta":{"_bbp_topic_count":0,"_bbp_reply_count":0,"_bbp_total_topic_count":0,"_bbp_total_reply_count":0,"_bbp_voice_count":0,"_bbp_anonymous_reply_count":0,"_bbp_topic_count_hidden":0,"_bbp_reply_count_hidden":0,"_bbp_forum_subforum_count":0,"footnotes":""},"categories":[10,11,12,13,14,15,104,105,76,1,4],"tags":[],"class_list":["post-2544","post","type-post","status-publish","format-standard","has-post-thumbnail","hentry","category-1r","category-2n","category-3r","category-4t","category-5e","category-6e","category-inicial","category-mitja","category-cicle-superior","category-general","category-portada"],"post_mailing_queue_ids":[],"_links":{"self":[{"href":"https:\/\/agora.xtec.cat\/escolabacdecerdanya\/wp-json\/wp\/v2\/posts\/2544","targetHints":{"allow":["GET"]}}],"collection":[{"href":"https:\/\/agora.xtec.cat\/escolabacdecerdanya\/wp-json\/wp\/v2\/posts"}],"about":[{"href":"https:\/\/agora.xtec.cat\/escolabacdecerdanya\/wp-json\/wp\/v2\/types\/post"}],"author":[{"embeddable":true,"href":"https:\/\/agora.xtec.cat\/escolabacdecerdanya\/wp-json\/wp\/v2\/users\/27"}],"replies":[{"embeddable":true,"href":"https:\/\/agora.xtec.cat\/escolabacdecerdanya\/wp-json\/wp\/v2\/comments?post=2544"}],"version-history":[{"count":2,"href":"https:\/\/agora.xtec.cat\/escolabacdecerdanya\/wp-json\/wp\/v2\/posts\/2544\/revisions"}],"predecessor-version":[{"id":2547,"href":"https:\/\/agora.xtec.cat\/escolabacdecerdanya\/wp-json\/wp\/v2\/posts\/2544\/revisions\/2547"}],"wp:featuredmedia":[{"embeddable":true,"href":"https:\/\/agora.xtec.cat\/escolabacdecerdanya\/wp-json\/wp\/v2\/media\/2546"}],"wp:attachment":[{"href":"https:\/\/agora.xtec.cat\/escolabacdecerdanya\/wp-json\/wp\/v2\/media?parent=2544"}],"wp:term":[{"taxonomy":"category","embeddable":true,"href":"https:\/\/agora.xtec.cat\/escolabacdecerdanya\/wp-json\/wp\/v2\/categories?post=2544"},{"taxonomy":"post_tag","embeddable":true,"href":"https:\/\/agora.xtec.cat\/escolabacdecerdanya\/wp-json\/wp\/v2\/tags?post=2544"}],"curies":[{"name":"wp","href":"https:\/\/api.w.org\/{rel}","templated":true}]}}