{"id":2535,"date":"2020-03-04T12:38:49","date_gmt":"2020-03-04T11:38:49","guid":{"rendered":"http:\/\/agora.xtec.cat\/escolabacdecerdanya\/?p=2535"},"modified":"2020-03-04T12:38:49","modified_gmt":"2020-03-04T11:38:49","slug":"acord-amb-la-fundacio-bosch-aymerich","status":"publish","type":"post","link":"https:\/\/agora.xtec.cat\/escolabacdecerdanya\/general\/acord-amb-la-fundacio-bosch-aymerich\/","title":{"rendered":"Acord amb la fundaci\u00f3 Bosch Aymerich"},"content":{"rendered":"<p>Aquest any l&#8217;Escola Bac de Cerdanya i la Fundaci\u00f3 Bosch Aymerich han signat el projecte Setmana Blanca pels alumnes de l&#8217;escola per poder esquiar a l&#8217;estaci\u00f3 d&#8217;Esqu\u00ed de Masella. Durant aquest any i els propers dos anys, els alumnes rebran una beca i l&#8217;activitat ser\u00e0 gratu\u00efta.<\/p>\n<p><img loading=\"lazy\" decoding=\"async\" class=\"aligncenter wp-image-2536 size-full\" src=\"https:\/\/agora.xtec.cat\/escolabacdecerdanya\/wp-content\/uploads\/usu1753\/2020\/03\/image004-1.jpg\" alt=\"\" width=\"495\" height=\"503\" srcset=\"https:\/\/agora.xtec.cat\/escolabacdecerdanya\/wp-content\/uploads\/usu1753\/2020\/03\/image004-1.jpg 495w, https:\/\/agora.xtec.cat\/escolabacdecerdanya\/wp-content\/uploads\/usu1753\/2020\/03\/image004-1-295x300.jpg 295w\" sizes=\"auto, (max-width: 495px) 100vw, 495px\" \/><\/p>\n","protected":false},"excerpt":{"rendered":"<p>Aquest any l&#8217;Escola Bac de Cerdanya i la Fundaci\u00f3 Bosch Aymerich han signat el projecte Setmana Blanca pels alumnes de l&#8217;escola per poder esquiar a l&#8217;estaci\u00f3 d&#8217;Esqu\u00ed de Masella. Durant aquest any i els propers dos anys, els alumnes rebran una beca i l&#8217;activitat ser\u00e0&hellip;  <a href=\"https:\/\/agora.xtec.cat\/escolabacdecerdanya\/general\/acord-amb-la-fundacio-bosch-aymerich\/\" title=\"Read Acord amb la fundaci\u00f3 Bosch Aymerich\">Llegeix m\u00e9s\u00bb<\/a><\/p>\n","protected":false},"author":1,"featured_media":2363,"comment_status":"open","ping_status":"closed","sticky":false,"template":"","format":"standard","meta":{"_bbp_topic_count":0,"_bbp_reply_count":0,"_bbp_total_topic_count":0,"_bbp_total_reply_count":0,"_bbp_voice_count":0,"_bbp_anonymous_reply_count":0,"_bbp_topic_count_hidden":0,"_bbp_reply_count_hidden":0,"_bbp_forum_subforum_count":0,"footnotes":""},"categories":[104,105,76,103,68,60,1,61,4],"tags":[187,173,188,172],"class_list":["post-2535","post","type-post","status-publish","format-standard","has-post-thumbnail","hentry","category-inicial","category-mitja","category-cicle-superior","category-infantil-2","category-esqui","category-families","category-general","category-novetats","category-portada","tag-beca","tag-esqui","tag-masella","tag-setmana-blanca"],"post_mailing_queue_ids":[],"_links":{"self":[{"href":"https:\/\/agora.xtec.cat\/escolabacdecerdanya\/wp-json\/wp\/v2\/posts\/2535","targetHints":{"allow":["GET"]}}],"collection":[{"href":"https:\/\/agora.xtec.cat\/escolabacdecerdanya\/wp-json\/wp\/v2\/posts"}],"about":[{"href":"https:\/\/agora.xtec.cat\/escolabacdecerdanya\/wp-json\/wp\/v2\/types\/post"}],"author":[{"embeddable":true,"href":"https:\/\/agora.xtec.cat\/escolabacdecerdanya\/wp-json\/wp\/v2\/users\/1"}],"replies":[{"embeddable":true,"href":"https:\/\/agora.xtec.cat\/escolabacdecerdanya\/wp-json\/wp\/v2\/comments?post=2535"}],"version-history":[{"count":2,"href":"https:\/\/agora.xtec.cat\/escolabacdecerdanya\/wp-json\/wp\/v2\/posts\/2535\/revisions"}],"predecessor-version":[{"id":2538,"href":"https:\/\/agora.xtec.cat\/escolabacdecerdanya\/wp-json\/wp\/v2\/posts\/2535\/revisions\/2538"}],"wp:featuredmedia":[{"embeddable":true,"href":"https:\/\/agora.xtec.cat\/escolabacdecerdanya\/wp-json\/wp\/v2\/media\/2363"}],"wp:attachment":[{"href":"https:\/\/agora.xtec.cat\/escolabacdecerdanya\/wp-json\/wp\/v2\/media?parent=2535"}],"wp:term":[{"taxonomy":"category","embeddable":true,"href":"https:\/\/agora.xtec.cat\/escolabacdecerdanya\/wp-json\/wp\/v2\/categories?post=2535"},{"taxonomy":"post_tag","embeddable":true,"href":"https:\/\/agora.xtec.cat\/escolabacdecerdanya\/wp-json\/wp\/v2\/tags?post=2535"}],"curies":[{"name":"wp","href":"https:\/\/api.w.org\/{rel}","templated":true}]}}