{"id":2509,"date":"2020-02-27T13:34:26","date_gmt":"2020-02-27T12:34:26","guid":{"rendered":"http:\/\/agora.xtec.cat\/escolabacdecerdanya\/?p=2509"},"modified":"2020-02-27T13:34:26","modified_gmt":"2020-02-27T12:34:26","slug":"els-concerts-de-6e","status":"publish","type":"post","link":"https:\/\/agora.xtec.cat\/escolabacdecerdanya\/general\/els-concerts-de-6e\/","title":{"rendered":"Els concerts de 6\u00e8!"},"content":{"rendered":"<p>Les darreres setmanes els i les alumnes de 6\u00e8 han estat creant melodies musicals amb acompanyaments diversos.<\/p>\n<p>No ha estat una tasca f\u00e0cil!!!&#8230; han hagut d&#8217;escollir els instruments, crear les melodies i acompanyaments i escriure&#8217;n les partitures!!! l&#8217;escriptura musical ha estat tot un repte per\u00f2 despr\u00e9s d&#8217;esfor\u00e7ar-s&#8217;hi ho han aconseguit!<\/p>\n<p>Divendres passat vam fer els concerts i cada grup va deleitar la resta amb les seves creacions.<\/p>\n<p>Aqu\u00ed teniu el v\u00eddeo!!!<a href=\"https:\/\/www.wevideo.com\/view\/1596476215\"><img loading=\"lazy\" decoding=\"async\" class=\"alignnone size-full wp-image-2510\" src=\"https:\/\/agora.xtec.cat\/escolabacdecerdanya\/wp-content\/uploads\/usu1753\/2020\/02\/CONCERTS.png\" alt=\"\" width=\"1000\" height=\"561\" srcset=\"https:\/\/agora.xtec.cat\/escolabacdecerdanya\/wp-content\/uploads\/usu1753\/2020\/02\/CONCERTS.png 1000w, https:\/\/agora.xtec.cat\/escolabacdecerdanya\/wp-content\/uploads\/usu1753\/2020\/02\/CONCERTS-300x168.png 300w, https:\/\/agora.xtec.cat\/escolabacdecerdanya\/wp-content\/uploads\/usu1753\/2020\/02\/CONCERTS-768x431.png 768w\" sizes=\"auto, (max-width: 1000px) 100vw, 1000px\" \/><\/a><\/p>\n","protected":false},"excerpt":{"rendered":"<p>Les darreres setmanes els i les alumnes de 6\u00e8 han estat creant melodies musicals amb acompanyaments diversos.<br \/>\nNo ha estat una tasca f\u00e0cil!!!&#8230; han hagut d&#8217;escollir els instruments, crear les melodies i acompanyaments i escriure&#8217;n les partitures!!! l&#8217;escriptura musical ha estat tot un repte per\u00f2 despr\u00e9s&hellip;  <a href=\"https:\/\/agora.xtec.cat\/escolabacdecerdanya\/general\/els-concerts-de-6e\/\" title=\"Read Els concerts de 6\u00e8!\">Llegeix m\u00e9s\u00bb<\/a><\/p>\n","protected":false},"author":8,"featured_media":759,"comment_status":"open","ping_status":"closed","sticky":false,"template":"","format":"standard","meta":{"_bbp_topic_count":0,"_bbp_reply_count":0,"_bbp_total_topic_count":0,"_bbp_total_reply_count":0,"_bbp_voice_count":0,"_bbp_anonymous_reply_count":0,"_bbp_topic_count_hidden":0,"_bbp_reply_count_hidden":0,"_bbp_forum_subforum_count":0,"footnotes":""},"categories":[15,76,1,121,4],"tags":[],"class_list":["post-2509","post","type-post","status-publish","format-standard","has-post-thumbnail","hentry","category-6e","category-cicle-superior","category-general","category-musica","category-portada"],"post_mailing_queue_ids":[],"_links":{"self":[{"href":"https:\/\/agora.xtec.cat\/escolabacdecerdanya\/wp-json\/wp\/v2\/posts\/2509","targetHints":{"allow":["GET"]}}],"collection":[{"href":"https:\/\/agora.xtec.cat\/escolabacdecerdanya\/wp-json\/wp\/v2\/posts"}],"about":[{"href":"https:\/\/agora.xtec.cat\/escolabacdecerdanya\/wp-json\/wp\/v2\/types\/post"}],"author":[{"embeddable":true,"href":"https:\/\/agora.xtec.cat\/escolabacdecerdanya\/wp-json\/wp\/v2\/users\/8"}],"replies":[{"embeddable":true,"href":"https:\/\/agora.xtec.cat\/escolabacdecerdanya\/wp-json\/wp\/v2\/comments?post=2509"}],"version-history":[{"count":1,"href":"https:\/\/agora.xtec.cat\/escolabacdecerdanya\/wp-json\/wp\/v2\/posts\/2509\/revisions"}],"predecessor-version":[{"id":2511,"href":"https:\/\/agora.xtec.cat\/escolabacdecerdanya\/wp-json\/wp\/v2\/posts\/2509\/revisions\/2511"}],"wp:featuredmedia":[{"embeddable":true,"href":"https:\/\/agora.xtec.cat\/escolabacdecerdanya\/wp-json\/wp\/v2\/media\/759"}],"wp:attachment":[{"href":"https:\/\/agora.xtec.cat\/escolabacdecerdanya\/wp-json\/wp\/v2\/media?parent=2509"}],"wp:term":[{"taxonomy":"category","embeddable":true,"href":"https:\/\/agora.xtec.cat\/escolabacdecerdanya\/wp-json\/wp\/v2\/categories?post=2509"},{"taxonomy":"post_tag","embeddable":true,"href":"https:\/\/agora.xtec.cat\/escolabacdecerdanya\/wp-json\/wp\/v2\/tags?post=2509"}],"curies":[{"name":"wp","href":"https:\/\/api.w.org\/{rel}","templated":true}]}}