{"id":2473,"date":"2020-02-24T15:08:58","date_gmt":"2020-02-24T14:08:58","guid":{"rendered":"http:\/\/agora.xtec.cat\/escolabacdecerdanya\/?p=2473"},"modified":"2020-02-25T09:57:27","modified_gmt":"2020-02-25T08:57:27","slug":"projecte-la-terra","status":"publish","type":"post","link":"https:\/\/agora.xtec.cat\/escolabacdecerdanya\/portada\/projecte-la-terra\/","title":{"rendered":"Projecte la Terra"},"content":{"rendered":"<p>Com a part del projecte que estem desenvolupant sobre el planeta Terra, les nenes i els nens de 5\u00e8 hem conegut moltes coses sobre fen\u00f2mens com els volcans. Els vulcan\u00f2legs i els ge\u00f2legs estudien l&#8217;activitat dels volcans utilitzant diferents aparells. Nosaltres hem volgut crear i programar un robot que indica els diferents graus d&#8217;activiats d&#8217;un volc\u00e0 i el resultat final ha estat tot un \u00e8xit.<\/p>\n<p><a href=\"https:\/\/photos.app.goo.gl\/YEv6vZ3j5pTtJAH26\"><img loading=\"lazy\" decoding=\"async\" class=\"alignnone size-large wp-image-2478\" src=\"https:\/\/agora.xtec.cat\/escolabacdecerdanya\/wp-content\/uploads\/usu1753\/2020\/02\/D15677D6-31A7-4E99-9B2B-C8CD3BD303A7-1024x768.jpeg\" alt=\"\" width=\"1024\" height=\"768\" srcset=\"https:\/\/agora.xtec.cat\/escolabacdecerdanya\/wp-content\/uploads\/usu1753\/2020\/02\/D15677D6-31A7-4E99-9B2B-C8CD3BD303A7-1024x768.jpeg 1024w, https:\/\/agora.xtec.cat\/escolabacdecerdanya\/wp-content\/uploads\/usu1753\/2020\/02\/D15677D6-31A7-4E99-9B2B-C8CD3BD303A7-300x225.jpeg 300w, https:\/\/agora.xtec.cat\/escolabacdecerdanya\/wp-content\/uploads\/usu1753\/2020\/02\/D15677D6-31A7-4E99-9B2B-C8CD3BD303A7-768x576.jpeg 768w, https:\/\/agora.xtec.cat\/escolabacdecerdanya\/wp-content\/uploads\/usu1753\/2020\/02\/D15677D6-31A7-4E99-9B2B-C8CD3BD303A7-200x150.jpeg 200w\" sizes=\"auto, (max-width: 1024px) 100vw, 1024px\" \/><\/a><\/p>\n","protected":false},"excerpt":{"rendered":"<p>Com a part del projecte que estem desenvolupant sobre el planeta Terra, les nenes i els nens de 5\u00e8 hem conegut moltes coses sobre fen\u00f2mens com els volcans. Els vulcan\u00f2legs i els ge\u00f2legs estudien l&#8217;activitat dels volcans utilitzant diferents aparells. Nosaltres hem volgut crear i&hellip;  <a href=\"https:\/\/agora.xtec.cat\/escolabacdecerdanya\/portada\/projecte-la-terra\/\" title=\"Read Projecte la Terra\">Llegeix m\u00e9s\u00bb<\/a><\/p>\n","protected":false},"author":19,"featured_media":2478,"comment_status":"open","ping_status":"closed","sticky":false,"template":"","format":"standard","meta":{"_bbp_topic_count":0,"_bbp_reply_count":0,"_bbp_total_topic_count":0,"_bbp_total_reply_count":0,"_bbp_voice_count":0,"_bbp_anonymous_reply_count":0,"_bbp_topic_count_hidden":0,"_bbp_reply_count_hidden":0,"_bbp_forum_subforum_count":0,"footnotes":""},"categories":[14,76,4],"tags":[],"class_list":["post-2473","post","type-post","status-publish","format-standard","has-post-thumbnail","hentry","category-5e","category-cicle-superior","category-portada"],"post_mailing_queue_ids":[],"_links":{"self":[{"href":"https:\/\/agora.xtec.cat\/escolabacdecerdanya\/wp-json\/wp\/v2\/posts\/2473","targetHints":{"allow":["GET"]}}],"collection":[{"href":"https:\/\/agora.xtec.cat\/escolabacdecerdanya\/wp-json\/wp\/v2\/posts"}],"about":[{"href":"https:\/\/agora.xtec.cat\/escolabacdecerdanya\/wp-json\/wp\/v2\/types\/post"}],"author":[{"embeddable":true,"href":"https:\/\/agora.xtec.cat\/escolabacdecerdanya\/wp-json\/wp\/v2\/users\/19"}],"replies":[{"embeddable":true,"href":"https:\/\/agora.xtec.cat\/escolabacdecerdanya\/wp-json\/wp\/v2\/comments?post=2473"}],"version-history":[{"count":3,"href":"https:\/\/agora.xtec.cat\/escolabacdecerdanya\/wp-json\/wp\/v2\/posts\/2473\/revisions"}],"predecessor-version":[{"id":2490,"href":"https:\/\/agora.xtec.cat\/escolabacdecerdanya\/wp-json\/wp\/v2\/posts\/2473\/revisions\/2490"}],"wp:featuredmedia":[{"embeddable":true,"href":"https:\/\/agora.xtec.cat\/escolabacdecerdanya\/wp-json\/wp\/v2\/media\/2478"}],"wp:attachment":[{"href":"https:\/\/agora.xtec.cat\/escolabacdecerdanya\/wp-json\/wp\/v2\/media?parent=2473"}],"wp:term":[{"taxonomy":"category","embeddable":true,"href":"https:\/\/agora.xtec.cat\/escolabacdecerdanya\/wp-json\/wp\/v2\/categories?post=2473"},{"taxonomy":"post_tag","embeddable":true,"href":"https:\/\/agora.xtec.cat\/escolabacdecerdanya\/wp-json\/wp\/v2\/tags?post=2473"}],"curies":[{"name":"wp","href":"https:\/\/api.w.org\/{rel}","templated":true}]}}