{"id":2452,"date":"2020-02-21T13:26:49","date_gmt":"2020-02-21T12:26:49","guid":{"rendered":"http:\/\/agora.xtec.cat\/escolabacdecerdanya\/?p=2452"},"modified":"2020-02-21T22:03:02","modified_gmt":"2020-02-21T21:03:02","slug":"carnestoltes-2020","status":"publish","type":"post","link":"https:\/\/agora.xtec.cat\/escolabacdecerdanya\/general\/carnestoltes-2020\/","title":{"rendered":"Carnestoltes 2020"},"content":{"rendered":"<p>Avui dijous 20 de febrer hem celebrat el Carnestoltes a l&#8217;escola. Els alumnes de sis\u00e8 ens han llegit el preg\u00f3 de Carnestoltes i ens han deixat a tots ben retratats!<\/p>\n<p><a href=\"https:\/\/photos.app.goo.gl\/5nvkj44e97UBUFfX8\"><br \/>\n<img loading=\"lazy\" decoding=\"async\" class=\"aligncenter wp-image-2454 size-large\" src=\"https:\/\/agora.xtec.cat\/escolabacdecerdanya\/wp-content\/uploads\/usu1753\/2020\/02\/20200220_101031-1024x768.jpg\" alt=\"\" width=\"1024\" height=\"768\" srcset=\"https:\/\/agora.xtec.cat\/escolabacdecerdanya\/wp-content\/uploads\/usu1753\/2020\/02\/20200220_101031-1024x768.jpg 1024w, https:\/\/agora.xtec.cat\/escolabacdecerdanya\/wp-content\/uploads\/usu1753\/2020\/02\/20200220_101031-300x225.jpg 300w, https:\/\/agora.xtec.cat\/escolabacdecerdanya\/wp-content\/uploads\/usu1753\/2020\/02\/20200220_101031-768x576.jpg 768w, https:\/\/agora.xtec.cat\/escolabacdecerdanya\/wp-content\/uploads\/usu1753\/2020\/02\/20200220_101031-200x150.jpg 200w, https:\/\/agora.xtec.cat\/escolabacdecerdanya\/wp-content\/uploads\/usu1753\/2020\/02\/20200220_101031.jpg 2016w\" sizes=\"auto, (max-width: 1024px) 100vw, 1024px\" \/>Clicant la foto podreu veure m\u00e9s imatges<\/a><\/p>\n<p>La tem\u00e0tica d&#8217;aquest any ha estat Ast\u00e8rix i Ob\u00e8lix i tots els alumnes i mestres hem sortit al carrer ben guarnits a demanar Rostita. Els alumnes d&#8217;Infantil i cicle inicial han esmorzat a Casa Patxi i els alumnes de cicle mitj\u00e0 i superior a la pla\u00e7a del Casino on l&#8217;Ampa ha repartit coca i xocolata!<\/p>\n<p><a href=\"https:\/\/photos.app.goo.gl\/5nvkj44e97UBUFfX8\"><img loading=\"lazy\" decoding=\"async\" class=\"wp-image-2455 size-medium alignleft\" src=\"https:\/\/agora.xtec.cat\/escolabacdecerdanya\/wp-content\/uploads\/usu1753\/2020\/02\/20200220_102803-300x225.jpg\" alt=\"\" width=\"300\" height=\"225\" srcset=\"https:\/\/agora.xtec.cat\/escolabacdecerdanya\/wp-content\/uploads\/usu1753\/2020\/02\/20200220_102803-300x225.jpg 300w, https:\/\/agora.xtec.cat\/escolabacdecerdanya\/wp-content\/uploads\/usu1753\/2020\/02\/20200220_102803-768x576.jpg 768w, https:\/\/agora.xtec.cat\/escolabacdecerdanya\/wp-content\/uploads\/usu1753\/2020\/02\/20200220_102803-1024x768.jpg 1024w, https:\/\/agora.xtec.cat\/escolabacdecerdanya\/wp-content\/uploads\/usu1753\/2020\/02\/20200220_102803-200x150.jpg 200w, https:\/\/agora.xtec.cat\/escolabacdecerdanya\/wp-content\/uploads\/usu1753\/2020\/02\/20200220_102803.jpg 2016w\" sizes=\"auto, (max-width: 300px) 100vw, 300px\" \/><\/a><\/p>\n<p>&nbsp;<\/p>\n<p>&nbsp;<\/p>\n<p>&nbsp;<\/p>\n<p>El Rostitabus tamb\u00e9 ha sortit a passejar. Hem visitat els pobles de la Mancomunitat i hem pogut recollir Rostita de tots els ve\u00efns. Hem esmorzat al Refugi UEC de La Molina on totes les fam\u00edlies de la zona ens esperaven amb unes bones creps!<\/p>\n<p style=\"text-align: center;\"><a href=\"https:\/\/photos.app.goo.gl\/5nvkj44e97UBUFfX8\"><img loading=\"lazy\" decoding=\"async\" class=\"aligncenter wp-image-2465 \" src=\"https:\/\/agora.xtec.cat\/escolabacdecerdanya\/wp-content\/uploads\/usu1753\/2020\/02\/20200220_114354-1024x576.jpg\" alt=\"\" width=\"541\" height=\"304\" srcset=\"https:\/\/agora.xtec.cat\/escolabacdecerdanya\/wp-content\/uploads\/usu1753\/2020\/02\/20200220_114354-1024x576.jpg 1024w, https:\/\/agora.xtec.cat\/escolabacdecerdanya\/wp-content\/uploads\/usu1753\/2020\/02\/20200220_114354-300x169.jpg 300w, https:\/\/agora.xtec.cat\/escolabacdecerdanya\/wp-content\/uploads\/usu1753\/2020\/02\/20200220_114354-768x432.jpg 768w, https:\/\/agora.xtec.cat\/escolabacdecerdanya\/wp-content\/uploads\/usu1753\/2020\/02\/20200220_114354.jpg 2016w\" sizes=\"auto, (max-width: 541px) 100vw, 541px\" \/><\/a><\/p>\n<p>Per la tarda vam celebrar el Carnestoltes al gimn\u00e0s de l&#8217;escola amb una <a href=\"https:\/\/xocolatadasolidaria.org\/\">Xocolatada Solid\u00e0ria<\/a> afegint-nos aix\u00ed a la campanya de recollida de diners per ajudar a la investigaci\u00f3 del c\u00e0ncer infantil a l&#8217;Hospital Sant Joan de D\u00e9u. <strong>Hem pogut recollir 584,32 euros!<a href=\"https:\/\/photos.app.goo.gl\/5nvkj44e97UBUFfX8\"><img loading=\"lazy\" decoding=\"async\" class=\"alignright wp-image-2469 size-large\" src=\"https:\/\/agora.xtec.cat\/escolabacdecerdanya\/wp-content\/uploads\/usu1753\/2020\/02\/20200220_150035-1024x768.jpg\" alt=\"\" width=\"1024\" height=\"768\" srcset=\"https:\/\/agora.xtec.cat\/escolabacdecerdanya\/wp-content\/uploads\/usu1753\/2020\/02\/20200220_150035-1024x768.jpg 1024w, https:\/\/agora.xtec.cat\/escolabacdecerdanya\/wp-content\/uploads\/usu1753\/2020\/02\/20200220_150035-300x225.jpg 300w, https:\/\/agora.xtec.cat\/escolabacdecerdanya\/wp-content\/uploads\/usu1753\/2020\/02\/20200220_150035-768x576.jpg 768w, https:\/\/agora.xtec.cat\/escolabacdecerdanya\/wp-content\/uploads\/usu1753\/2020\/02\/20200220_150035-200x150.jpg 200w, https:\/\/agora.xtec.cat\/escolabacdecerdanya\/wp-content\/uploads\/usu1753\/2020\/02\/20200220_150035.jpg 2016w\" sizes=\"auto, (max-width: 1024px) 100vw, 1024px\" \/><\/a><\/strong><\/p>\n<p>A la festa hem convidat la Maria i li hem fet una sorpresa presentant el c\u00f2mic que vam fer per la setmana cultural. Ha quedat xul\u00edssim!<\/p>\n<p><a href=\"https:\/\/photos.app.goo.gl\/5nvkj44e97UBUFfX8\"><img loading=\"lazy\" decoding=\"async\" class=\"alignleft wp-image-2468 size-large\" src=\"https:\/\/agora.xtec.cat\/escolabacdecerdanya\/wp-content\/uploads\/usu1753\/2020\/02\/20200220_155620-e1582318572662-512x1024.jpg\" alt=\"\" width=\"512\" height=\"1024\" srcset=\"https:\/\/agora.xtec.cat\/escolabacdecerdanya\/wp-content\/uploads\/usu1753\/2020\/02\/20200220_155620-e1582318572662-512x1024.jpg 512w, https:\/\/agora.xtec.cat\/escolabacdecerdanya\/wp-content\/uploads\/usu1753\/2020\/02\/20200220_155620-e1582318572662-150x300.jpg 150w, https:\/\/agora.xtec.cat\/escolabacdecerdanya\/wp-content\/uploads\/usu1753\/2020\/02\/20200220_155620-e1582318572662-768x1536.jpg 768w\" sizes=\"auto, (max-width: 512px) 100vw, 512px\" \/><\/a><\/p>\n","protected":false},"excerpt":{"rendered":"<p>Avui dijous 20 de febrer hem celebrat el Carnestoltes a l&#8217;escola. Els alumnes de sis\u00e8 ens han llegit el preg\u00f3 de Carnestoltes i ens han deixat a tots ben retratats!<br \/>\n<a href=\"https:\/\/photos.app.goo.gl\/5nvkj44e97UBUFfX8\"><br \/>\nClicant la foto podreu veure m\u00e9s imatges<\/a><br \/>\nLa tem\u00e0tica d&#8217;aquest any ha estat Ast\u00e8rix i Ob\u00e8lix&hellip;  <a href=\"https:\/\/agora.xtec.cat\/escolabacdecerdanya\/general\/carnestoltes-2020\/\" title=\"Read Carnestoltes 2020\">Llegeix m\u00e9s\u00bb<\/a><\/p>\n","protected":false},"author":1,"featured_media":2454,"comment_status":"open","ping_status":"closed","sticky":false,"template":"","format":"standard","meta":{"_bbp_topic_count":0,"_bbp_reply_count":0,"_bbp_total_topic_count":0,"_bbp_total_reply_count":0,"_bbp_voice_count":0,"_bbp_anonymous_reply_count":0,"_bbp_topic_count_hidden":0,"_bbp_reply_count_hidden":0,"_bbp_forum_subforum_count":0,"footnotes":""},"categories":[7,65,104,105,76,103,161,1,4],"tags":[],"class_list":["post-2452","post","type-post","status-publish","format-standard","has-post-thumbnail","hentry","category-ampa","category-carnestoltes","category-inicial","category-mitja","category-cicle-superior","category-infantil-2","category-festes","category-general","category-portada"],"post_mailing_queue_ids":[],"_links":{"self":[{"href":"https:\/\/agora.xtec.cat\/escolabacdecerdanya\/wp-json\/wp\/v2\/posts\/2452","targetHints":{"allow":["GET"]}}],"collection":[{"href":"https:\/\/agora.xtec.cat\/escolabacdecerdanya\/wp-json\/wp\/v2\/posts"}],"about":[{"href":"https:\/\/agora.xtec.cat\/escolabacdecerdanya\/wp-json\/wp\/v2\/types\/post"}],"author":[{"embeddable":true,"href":"https:\/\/agora.xtec.cat\/escolabacdecerdanya\/wp-json\/wp\/v2\/users\/1"}],"replies":[{"embeddable":true,"href":"https:\/\/agora.xtec.cat\/escolabacdecerdanya\/wp-json\/wp\/v2\/comments?post=2452"}],"version-history":[{"count":4,"href":"https:\/\/agora.xtec.cat\/escolabacdecerdanya\/wp-json\/wp\/v2\/posts\/2452\/revisions"}],"predecessor-version":[{"id":2472,"href":"https:\/\/agora.xtec.cat\/escolabacdecerdanya\/wp-json\/wp\/v2\/posts\/2452\/revisions\/2472"}],"wp:featuredmedia":[{"embeddable":true,"href":"https:\/\/agora.xtec.cat\/escolabacdecerdanya\/wp-json\/wp\/v2\/media\/2454"}],"wp:attachment":[{"href":"https:\/\/agora.xtec.cat\/escolabacdecerdanya\/wp-json\/wp\/v2\/media?parent=2452"}],"wp:term":[{"taxonomy":"category","embeddable":true,"href":"https:\/\/agora.xtec.cat\/escolabacdecerdanya\/wp-json\/wp\/v2\/categories?post=2452"},{"taxonomy":"post_tag","embeddable":true,"href":"https:\/\/agora.xtec.cat\/escolabacdecerdanya\/wp-json\/wp\/v2\/tags?post=2452"}],"curies":[{"name":"wp","href":"https:\/\/api.w.org\/{rel}","templated":true}]}}