{"id":2411,"date":"2020-02-13T16:18:38","date_gmt":"2020-02-13T15:18:38","guid":{"rendered":"http:\/\/agora.xtec.cat\/escolabacdecerdanya\/?p=2411"},"modified":"2020-02-13T16:18:38","modified_gmt":"2020-02-13T15:18:38","slug":"xerrada-dia-de-la-ciencia","status":"publish","type":"post","link":"https:\/\/agora.xtec.cat\/escolabacdecerdanya\/portada\/xerrada-dia-de-la-ciencia\/","title":{"rendered":"XERRADA DIA DE LA CI\u00c8NCIA"},"content":{"rendered":"<p>Els alumnes de sis\u00e8, dimarts 11 de febrer, van anar al Museu Cerd\u00e0 de Puigcerd\u00e0 a escolar una xerrada sobre ci\u00e8ncia. All\u00e0 ens vam trobar amb altres nens i nenes de 6\u00e8 de la comarca i tamb\u00e9 de 1r d&#8217;ESO. Tot el que ens va explicar la &#8220;100t\u00edfica&#8221; va ser molt interessant ja que ens va explicar en qu\u00e8 consisteix la seva feina de veterin\u00e0ria en un grup d&#8217;investigaci\u00f3 sobre el virus de la grip Avi\u00e0ria. Al finalitzar la xerrada, va haver el torn de preguntes centrades sobretot en el Coronavirus.<\/p>\n<p><a href=\"https:\/\/photos.app.goo.gl\/5hFzNCp4HqidMKrr6\"><img loading=\"lazy\" decoding=\"async\" class=\"wp-image-2429 aligncenter\" src=\"https:\/\/agora.xtec.cat\/escolabacdecerdanya\/wp-content\/uploads\/usu1753\/2020\/02\/destacada-1024x768.jpg\" alt=\"\" width=\"379\" height=\"284\" srcset=\"https:\/\/agora.xtec.cat\/escolabacdecerdanya\/wp-content\/uploads\/usu1753\/2020\/02\/destacada-1024x768.jpg 1024w, https:\/\/agora.xtec.cat\/escolabacdecerdanya\/wp-content\/uploads\/usu1753\/2020\/02\/destacada-300x225.jpg 300w, https:\/\/agora.xtec.cat\/escolabacdecerdanya\/wp-content\/uploads\/usu1753\/2020\/02\/destacada-768x576.jpg 768w, https:\/\/agora.xtec.cat\/escolabacdecerdanya\/wp-content\/uploads\/usu1753\/2020\/02\/destacada-200x150.jpg 200w, https:\/\/agora.xtec.cat\/escolabacdecerdanya\/wp-content\/uploads\/usu1753\/2020\/02\/destacada.jpg 2016w\" sizes=\"auto, (max-width: 379px) 100vw, 379px\" \/><\/a><\/p>\n","protected":false},"excerpt":{"rendered":"<p>Els alumnes de sis\u00e8, dimarts 11 de febrer, van anar al Museu Cerd\u00e0 de Puigcerd\u00e0 a escolar una xerrada sobre ci\u00e8ncia. All\u00e0 ens vam trobar amb altres nens i nenes de 6\u00e8 de la comarca i tamb\u00e9 de 1r d&#8217;ESO. Tot el que ens va&hellip;  <a href=\"https:\/\/agora.xtec.cat\/escolabacdecerdanya\/portada\/xerrada-dia-de-la-ciencia\/\" title=\"Read XERRADA DIA DE LA CI\u00c8NCIA\">Llegeix m\u00e9s\u00bb<\/a><\/p>\n","protected":false},"author":27,"featured_media":2429,"comment_status":"open","ping_status":"closed","sticky":false,"template":"","format":"standard","meta":{"_bbp_topic_count":0,"_bbp_reply_count":0,"_bbp_total_topic_count":0,"_bbp_total_reply_count":0,"_bbp_voice_count":0,"_bbp_anonymous_reply_count":0,"_bbp_topic_count_hidden":0,"_bbp_reply_count_hidden":0,"_bbp_forum_subforum_count":0,"footnotes":""},"categories":[15,76,4,86],"tags":[],"class_list":["post-2411","post","type-post","status-publish","format-standard","has-post-thumbnail","hentry","category-6e","category-cicle-superior","category-portada","category-sortida"],"post_mailing_queue_ids":[],"_links":{"self":[{"href":"https:\/\/agora.xtec.cat\/escolabacdecerdanya\/wp-json\/wp\/v2\/posts\/2411","targetHints":{"allow":["GET"]}}],"collection":[{"href":"https:\/\/agora.xtec.cat\/escolabacdecerdanya\/wp-json\/wp\/v2\/posts"}],"about":[{"href":"https:\/\/agora.xtec.cat\/escolabacdecerdanya\/wp-json\/wp\/v2\/types\/post"}],"author":[{"embeddable":true,"href":"https:\/\/agora.xtec.cat\/escolabacdecerdanya\/wp-json\/wp\/v2\/users\/27"}],"replies":[{"embeddable":true,"href":"https:\/\/agora.xtec.cat\/escolabacdecerdanya\/wp-json\/wp\/v2\/comments?post=2411"}],"version-history":[{"count":1,"href":"https:\/\/agora.xtec.cat\/escolabacdecerdanya\/wp-json\/wp\/v2\/posts\/2411\/revisions"}],"predecessor-version":[{"id":2439,"href":"https:\/\/agora.xtec.cat\/escolabacdecerdanya\/wp-json\/wp\/v2\/posts\/2411\/revisions\/2439"}],"wp:featuredmedia":[{"embeddable":true,"href":"https:\/\/agora.xtec.cat\/escolabacdecerdanya\/wp-json\/wp\/v2\/media\/2429"}],"wp:attachment":[{"href":"https:\/\/agora.xtec.cat\/escolabacdecerdanya\/wp-json\/wp\/v2\/media?parent=2411"}],"wp:term":[{"taxonomy":"category","embeddable":true,"href":"https:\/\/agora.xtec.cat\/escolabacdecerdanya\/wp-json\/wp\/v2\/categories?post=2411"},{"taxonomy":"post_tag","embeddable":true,"href":"https:\/\/agora.xtec.cat\/escolabacdecerdanya\/wp-json\/wp\/v2\/tags?post=2411"}],"curies":[{"name":"wp","href":"https:\/\/api.w.org\/{rel}","templated":true}]}}