{"id":2401,"date":"2020-02-04T18:25:34","date_gmt":"2020-02-04T17:25:34","guid":{"rendered":"http:\/\/agora.xtec.cat\/escolabacdecerdanya\/?p=2401"},"modified":"2020-02-08T12:41:31","modified_gmt":"2020-02-08T11:41:31","slug":"fent-numeros-amb-peces-de-lego","status":"publish","type":"post","link":"https:\/\/agora.xtec.cat\/escolabacdecerdanya\/general\/fent-numeros-amb-peces-de-lego\/","title":{"rendered":"Fent n\u00fameros amb peces de LEGO!"},"content":{"rendered":"<p>&nbsp;<\/p>\n<p><a href=\"https:\/\/agora.xtec.cat\/escolabacdecerdanya\/wp-content\/uploads\/usu1753\/2020\/02\/2020-02-08_10.43.24.jpg\"><img loading=\"lazy\" decoding=\"async\" class=\"alignnone size-large wp-image-2402\" src=\"https:\/\/agora.xtec.cat\/escolabacdecerdanya\/wp-content\/uploads\/usu1753\/2020\/02\/2020-02-08_10.43.24-1024x1024.jpg\" alt=\"\" width=\"1024\" height=\"1024\" srcset=\"https:\/\/agora.xtec.cat\/escolabacdecerdanya\/wp-content\/uploads\/usu1753\/2020\/02\/2020-02-08_10.43.24-1024x1024.jpg 1024w, https:\/\/agora.xtec.cat\/escolabacdecerdanya\/wp-content\/uploads\/usu1753\/2020\/02\/2020-02-08_10.43.24-150x150.jpg 150w, https:\/\/agora.xtec.cat\/escolabacdecerdanya\/wp-content\/uploads\/usu1753\/2020\/02\/2020-02-08_10.43.24-300x300.jpg 300w, https:\/\/agora.xtec.cat\/escolabacdecerdanya\/wp-content\/uploads\/usu1753\/2020\/02\/2020-02-08_10.43.24-768x768.jpg 768w, https:\/\/agora.xtec.cat\/escolabacdecerdanya\/wp-content\/uploads\/usu1753\/2020\/02\/2020-02-08_10.43.24.jpg 1440w\" sizes=\"auto, (max-width: 1024px) 100vw, 1024px\" \/><\/a>Dimarts, quan ja hav\u00edem acabat la feina, vam poder dedicar una bona estona a fer n\u00fameros amb les peces de LEGO.\u00a0 Ens en van sortir uns quants, cliqueu el t\u00edtol de l&#8217;article, a veure si sabeu quins n\u00fameros s\u00f3n?<\/p>\n","protected":false},"excerpt":{"rendered":"<p>&nbsp;<br \/>\n<a href=\"https:\/\/agora.xtec.cat\/escolabacdecerdanya\/wp-content\/uploads\/usu1753\/2020\/02\/2020-02-08_10.43.24.jpg\"><\/a>Dimarts, quan ja hav\u00edem acabat la feina, vam poder dedicar una bona estona a fer n\u00fameros amb les peces de LEGO.\u00a0 Ens en van sortir uns quants, cliqueu el t\u00edtol de l&#8217;article, a veure si sabeu quins n\u00fameros s\u00f3n?<\/p>\n","protected":false},"author":13,"featured_media":2403,"comment_status":"open","ping_status":"closed","sticky":false,"template":"","format":"standard","meta":{"_bbp_topic_count":0,"_bbp_reply_count":0,"_bbp_total_topic_count":0,"_bbp_total_reply_count":0,"_bbp_voice_count":0,"_bbp_anonymous_reply_count":0,"_bbp_topic_count_hidden":0,"_bbp_reply_count_hidden":0,"_bbp_forum_subforum_count":0,"footnotes":""},"categories":[104,1,4],"tags":[],"class_list":["post-2401","post","type-post","status-publish","format-standard","has-post-thumbnail","hentry","category-inicial","category-general","category-portada"],"post_mailing_queue_ids":[],"_links":{"self":[{"href":"https:\/\/agora.xtec.cat\/escolabacdecerdanya\/wp-json\/wp\/v2\/posts\/2401","targetHints":{"allow":["GET"]}}],"collection":[{"href":"https:\/\/agora.xtec.cat\/escolabacdecerdanya\/wp-json\/wp\/v2\/posts"}],"about":[{"href":"https:\/\/agora.xtec.cat\/escolabacdecerdanya\/wp-json\/wp\/v2\/types\/post"}],"author":[{"embeddable":true,"href":"https:\/\/agora.xtec.cat\/escolabacdecerdanya\/wp-json\/wp\/v2\/users\/13"}],"replies":[{"embeddable":true,"href":"https:\/\/agora.xtec.cat\/escolabacdecerdanya\/wp-json\/wp\/v2\/comments?post=2401"}],"version-history":[{"count":3,"href":"https:\/\/agora.xtec.cat\/escolabacdecerdanya\/wp-json\/wp\/v2\/posts\/2401\/revisions"}],"predecessor-version":[{"id":2406,"href":"https:\/\/agora.xtec.cat\/escolabacdecerdanya\/wp-json\/wp\/v2\/posts\/2401\/revisions\/2406"}],"wp:featuredmedia":[{"embeddable":true,"href":"https:\/\/agora.xtec.cat\/escolabacdecerdanya\/wp-json\/wp\/v2\/media\/2403"}],"wp:attachment":[{"href":"https:\/\/agora.xtec.cat\/escolabacdecerdanya\/wp-json\/wp\/v2\/media?parent=2401"}],"wp:term":[{"taxonomy":"category","embeddable":true,"href":"https:\/\/agora.xtec.cat\/escolabacdecerdanya\/wp-json\/wp\/v2\/categories?post=2401"},{"taxonomy":"post_tag","embeddable":true,"href":"https:\/\/agora.xtec.cat\/escolabacdecerdanya\/wp-json\/wp\/v2\/tags?post=2401"}],"curies":[{"name":"wp","href":"https:\/\/api.w.org\/{rel}","templated":true}]}}