{"id":2386,"date":"2020-01-31T16:06:25","date_gmt":"2020-01-31T15:06:25","guid":{"rendered":"http:\/\/agora.xtec.cat\/escolabacdecerdanya\/?p=2386"},"modified":"2020-01-31T16:07:33","modified_gmt":"2020-01-31T15:07:33","slug":"esqui-de-fons-i-trineus","status":"publish","type":"post","link":"https:\/\/agora.xtec.cat\/escolabacdecerdanya\/general\/esqui-de-fons-i-trineus\/","title":{"rendered":"Esqu\u00ed de fons i trineus"},"content":{"rendered":"<p>Dins de la Setmana Blanca dediquem dos dies a practicar l&#8217;esqu\u00ed de fons. Avui divendres 31 i el proper divendres 7 de febrer tots els alumnes de prim\u00e0ria practicaran aquest esport tant arrelat al nostre entorn.<\/p>\n<p>Els alumnes d&#8217;infantil tamb\u00e9 hi aniran per\u00f2 faran raquetes de neu i trineus per gaudir d&#8217;un dia de neu.<\/p>\n<p>Us deixem les imatges!<\/p>\n<p><a href=\"https:\/\/photos.app.goo.gl\/7sBfMMy3rKQ33Gnn7\"><img loading=\"lazy\" decoding=\"async\" class=\"aligncenter wp-image-2389 size-large\" src=\"https:\/\/agora.xtec.cat\/escolabacdecerdanya\/wp-content\/uploads\/usu1753\/2020\/01\/IMG-20200131-WA0006-1024x768.jpg\" alt=\"\" width=\"1024\" height=\"768\" srcset=\"https:\/\/agora.xtec.cat\/escolabacdecerdanya\/wp-content\/uploads\/usu1753\/2020\/01\/IMG-20200131-WA0006-1024x768.jpg 1024w, https:\/\/agora.xtec.cat\/escolabacdecerdanya\/wp-content\/uploads\/usu1753\/2020\/01\/IMG-20200131-WA0006-300x225.jpg 300w, https:\/\/agora.xtec.cat\/escolabacdecerdanya\/wp-content\/uploads\/usu1753\/2020\/01\/IMG-20200131-WA0006-768x576.jpg 768w, https:\/\/agora.xtec.cat\/escolabacdecerdanya\/wp-content\/uploads\/usu1753\/2020\/01\/IMG-20200131-WA0006-200x150.jpg 200w, https:\/\/agora.xtec.cat\/escolabacdecerdanya\/wp-content\/uploads\/usu1753\/2020\/01\/IMG-20200131-WA0006.jpg 1600w\" sizes=\"auto, (max-width: 1024px) 100vw, 1024px\" \/><\/a><\/p>\n","protected":false},"excerpt":{"rendered":"<p>Dins de la Setmana Blanca dediquem dos dies a practicar l&#8217;esqu\u00ed de fons. Avui divendres 31 i el proper divendres 7 de febrer tots els alumnes de prim\u00e0ria practicaran aquest esport tant arrelat al nostre entorn.<br \/>\nEls alumnes d&#8217;infantil tamb\u00e9 hi aniran per\u00f2 faran raquetes de&hellip;  <a href=\"https:\/\/agora.xtec.cat\/escolabacdecerdanya\/general\/esqui-de-fons-i-trineus\/\" title=\"Read Esqu\u00ed de fons i trineus\">Llegeix m\u00e9s\u00bb<\/a><\/p>\n","protected":false},"author":1,"featured_media":2389,"comment_status":"open","ping_status":"closed","sticky":false,"template":"","format":"standard","meta":{"_bbp_topic_count":0,"_bbp_reply_count":0,"_bbp_total_topic_count":0,"_bbp_total_reply_count":0,"_bbp_voice_count":0,"_bbp_anonymous_reply_count":0,"_bbp_topic_count_hidden":0,"_bbp_reply_count_hidden":0,"_bbp_forum_subforum_count":0,"footnotes":""},"categories":[104,76,103,68,1,4],"tags":[],"class_list":["post-2386","post","type-post","status-publish","format-standard","has-post-thumbnail","hentry","category-inicial","category-cicle-superior","category-infantil-2","category-esqui","category-general","category-portada"],"post_mailing_queue_ids":[],"_links":{"self":[{"href":"https:\/\/agora.xtec.cat\/escolabacdecerdanya\/wp-json\/wp\/v2\/posts\/2386","targetHints":{"allow":["GET"]}}],"collection":[{"href":"https:\/\/agora.xtec.cat\/escolabacdecerdanya\/wp-json\/wp\/v2\/posts"}],"about":[{"href":"https:\/\/agora.xtec.cat\/escolabacdecerdanya\/wp-json\/wp\/v2\/types\/post"}],"author":[{"embeddable":true,"href":"https:\/\/agora.xtec.cat\/escolabacdecerdanya\/wp-json\/wp\/v2\/users\/1"}],"replies":[{"embeddable":true,"href":"https:\/\/agora.xtec.cat\/escolabacdecerdanya\/wp-json\/wp\/v2\/comments?post=2386"}],"version-history":[{"count":3,"href":"https:\/\/agora.xtec.cat\/escolabacdecerdanya\/wp-json\/wp\/v2\/posts\/2386\/revisions"}],"predecessor-version":[{"id":2390,"href":"https:\/\/agora.xtec.cat\/escolabacdecerdanya\/wp-json\/wp\/v2\/posts\/2386\/revisions\/2390"}],"wp:featuredmedia":[{"embeddable":true,"href":"https:\/\/agora.xtec.cat\/escolabacdecerdanya\/wp-json\/wp\/v2\/media\/2389"}],"wp:attachment":[{"href":"https:\/\/agora.xtec.cat\/escolabacdecerdanya\/wp-json\/wp\/v2\/media?parent=2386"}],"wp:term":[{"taxonomy":"category","embeddable":true,"href":"https:\/\/agora.xtec.cat\/escolabacdecerdanya\/wp-json\/wp\/v2\/categories?post=2386"},{"taxonomy":"post_tag","embeddable":true,"href":"https:\/\/agora.xtec.cat\/escolabacdecerdanya\/wp-json\/wp\/v2\/tags?post=2386"}],"curies":[{"name":"wp","href":"https:\/\/api.w.org\/{rel}","templated":true}]}}