{"id":2289,"date":"2019-12-04T15:49:06","date_gmt":"2019-12-04T14:49:06","guid":{"rendered":"http:\/\/agora.xtec.cat\/escolabacdecerdanya\/?p=2289"},"modified":"2019-12-04T15:49:32","modified_gmt":"2019-12-04T14:49:32","slug":"lajuntament-de-das-ens-ha-regalat-una-estacio-meteorologica","status":"publish","type":"post","link":"https:\/\/agora.xtec.cat\/escolabacdecerdanya\/general\/lajuntament-de-das-ens-ha-regalat-una-estacio-meteorologica\/","title":{"rendered":"L&#8217;AJUNTAMENT DE DAS ENS HA REGALAT UNA ESTACI\u00d3 METEOROL\u00d2GICA!!"},"content":{"rendered":"<p style=\"text-align: justify;\">Tenim molt bones not\u00edcies!<\/p>\n<p style=\"text-align: justify;\">Aquest dissabte passat la Montse Romans, regidora de l&#8217;Ajuntament de Das, va venir a l&#8217;escola per fer la instal\u00b7laci\u00f3 de l&#8217;estaci\u00f3 meteorol\u00f2gica que ens han regalat. La van acompanyar el Sr. Manel Dot, coordinador de la xarxa meteorol\u00f2gica d&#8217;Osona i vicepresident de l&#8217;ACOM, i el Sr. Eduard Voltes, responsable t\u00e8cnic de la xarxa meteorol\u00f2gica i vocal de l&#8217;ACOM. Van estar treballant tot el mat\u00ed per ubicar els aparells de l&#8217;estaci\u00f3 meteorol\u00f2gica en el lloc m\u00e9s idoni del nostre pati i per instal\u00b7lar un programa inform\u00e0tic en un ordinador del despatx des del que s&#8217;aniran recollint les dades registrades.<\/p>\n<p style=\"text-align: justify;\">Estem molt contents i agra\u00efts per aquesta aportaci\u00f3 ja que ens permetr\u00e0 fer un treball molt m\u00e9s complert de recollida de dades des dels nostres projectes de medi. Ara esperarem, amb molta il\u00b7lusi\u00f3, que algun dia ens vinguin a fer una xerrada amb tota la mainada per explicar-nos el seu funcionament.<\/p>\n<p style=\"text-align: justify;\">MOLTES GR\u00c0CIES!!!<\/p>\n<p style=\"text-align: justify;\"><img loading=\"lazy\" decoding=\"async\" class=\"aligncenter wp-image-2290 size-large\" src=\"https:\/\/agora.xtec.cat\/escolabacdecerdanya\/wp-content\/uploads\/usu1753\/2019\/12\/Fotos-estaci\u00f3-meteorol\u00f2gica-1024x202.png\" alt=\"\" width=\"1024\" height=\"202\" srcset=\"https:\/\/agora.xtec.cat\/escolabacdecerdanya\/wp-content\/uploads\/usu1753\/2019\/12\/Fotos-estaci\u00f3-meteorol\u00f2gica-1024x202.png 1024w, https:\/\/agora.xtec.cat\/escolabacdecerdanya\/wp-content\/uploads\/usu1753\/2019\/12\/Fotos-estaci\u00f3-meteorol\u00f2gica-300x59.png 300w, https:\/\/agora.xtec.cat\/escolabacdecerdanya\/wp-content\/uploads\/usu1753\/2019\/12\/Fotos-estaci\u00f3-meteorol\u00f2gica-768x152.png 768w, https:\/\/agora.xtec.cat\/escolabacdecerdanya\/wp-content\/uploads\/usu1753\/2019\/12\/Fotos-estaci\u00f3-meteorol\u00f2gica.png 1590w\" sizes=\"auto, (max-width: 1024px) 100vw, 1024px\" \/><\/p>\n","protected":false},"excerpt":{"rendered":"<p>Tenim molt bones not\u00edcies!<br \/>\nAquest dissabte passat la Montse Romans, regidora de l&#8217;Ajuntament de Das, va venir a l&#8217;escola per fer la instal\u00b7laci\u00f3 de l&#8217;estaci\u00f3 meteorol\u00f2gica que ens han regalat. La van acompanyar el Sr. Manel Dot, coordinador de la xarxa meteorol\u00f2gica d&#8217;Osona i vicepresident de&hellip;  <a href=\"https:\/\/agora.xtec.cat\/escolabacdecerdanya\/general\/lajuntament-de-das-ens-ha-regalat-una-estacio-meteorologica\/\" title=\"Read L&#8217;AJUNTAMENT DE DAS ENS HA REGALAT UNA ESTACI\u00d3 METEOROL\u00d2GICA!!\">Llegeix m\u00e9s\u00bb<\/a><\/p>\n","protected":false},"author":8,"featured_media":2291,"comment_status":"open","ping_status":"closed","sticky":false,"template":"","format":"standard","meta":{"_bbp_topic_count":0,"_bbp_reply_count":0,"_bbp_total_topic_count":0,"_bbp_total_reply_count":0,"_bbp_voice_count":0,"_bbp_anonymous_reply_count":0,"_bbp_topic_count_hidden":0,"_bbp_reply_count_hidden":0,"_bbp_forum_subforum_count":0,"footnotes":""},"categories":[105,1,61,83,4],"tags":[],"class_list":["post-2289","post","type-post","status-publish","format-standard","has-post-thumbnail","hentry","category-mitja","category-general","category-novetats","category-pati","category-portada"],"post_mailing_queue_ids":[],"_links":{"self":[{"href":"https:\/\/agora.xtec.cat\/escolabacdecerdanya\/wp-json\/wp\/v2\/posts\/2289","targetHints":{"allow":["GET"]}}],"collection":[{"href":"https:\/\/agora.xtec.cat\/escolabacdecerdanya\/wp-json\/wp\/v2\/posts"}],"about":[{"href":"https:\/\/agora.xtec.cat\/escolabacdecerdanya\/wp-json\/wp\/v2\/types\/post"}],"author":[{"embeddable":true,"href":"https:\/\/agora.xtec.cat\/escolabacdecerdanya\/wp-json\/wp\/v2\/users\/8"}],"replies":[{"embeddable":true,"href":"https:\/\/agora.xtec.cat\/escolabacdecerdanya\/wp-json\/wp\/v2\/comments?post=2289"}],"version-history":[{"count":2,"href":"https:\/\/agora.xtec.cat\/escolabacdecerdanya\/wp-json\/wp\/v2\/posts\/2289\/revisions"}],"predecessor-version":[{"id":2293,"href":"https:\/\/agora.xtec.cat\/escolabacdecerdanya\/wp-json\/wp\/v2\/posts\/2289\/revisions\/2293"}],"wp:featuredmedia":[{"embeddable":true,"href":"https:\/\/agora.xtec.cat\/escolabacdecerdanya\/wp-json\/wp\/v2\/media\/2291"}],"wp:attachment":[{"href":"https:\/\/agora.xtec.cat\/escolabacdecerdanya\/wp-json\/wp\/v2\/media?parent=2289"}],"wp:term":[{"taxonomy":"category","embeddable":true,"href":"https:\/\/agora.xtec.cat\/escolabacdecerdanya\/wp-json\/wp\/v2\/categories?post=2289"},{"taxonomy":"post_tag","embeddable":true,"href":"https:\/\/agora.xtec.cat\/escolabacdecerdanya\/wp-json\/wp\/v2\/tags?post=2289"}],"curies":[{"name":"wp","href":"https:\/\/api.w.org\/{rel}","templated":true}]}}