{"id":2271,"date":"2019-11-27T18:05:39","date_gmt":"2019-11-27T17:05:39","guid":{"rendered":"http:\/\/agora.xtec.cat\/escolabacdecerdanya\/?p=2271"},"modified":"2020-01-29T17:55:34","modified_gmt":"2020-01-29T16:55:34","slug":"projecte-p4","status":"publish","type":"post","link":"https:\/\/agora.xtec.cat\/escolabacdecerdanya\/general\/projecte-p4\/","title":{"rendered":"Projecte P4"},"content":{"rendered":"<p style=\"text-align: right\"><a href=\"https:\/\/photos.app.goo.gl\/Jqr4cxLa95rS8BKW6\"><img loading=\"lazy\" decoding=\"async\" class=\"aligncenter wp-image-2280 size-medium\" src=\"https:\/\/agora.xtec.cat\/escolabacdecerdanya\/wp-content\/uploads\/usu1753\/2019\/11\/FOTO-BO-300x225.jpg\" alt=\"\" width=\"300\" height=\"225\" srcset=\"https:\/\/agora.xtec.cat\/escolabacdecerdanya\/wp-content\/uploads\/usu1753\/2019\/11\/FOTO-BO-300x225.jpg 300w, https:\/\/agora.xtec.cat\/escolabacdecerdanya\/wp-content\/uploads\/usu1753\/2019\/11\/FOTO-BO-768x576.jpg 768w, https:\/\/agora.xtec.cat\/escolabacdecerdanya\/wp-content\/uploads\/usu1753\/2019\/11\/FOTO-BO-1024x768.jpg 1024w, https:\/\/agora.xtec.cat\/escolabacdecerdanya\/wp-content\/uploads\/usu1753\/2019\/11\/FOTO-BO-200x150.jpg 200w\" sizes=\"auto, (max-width: 300px) 100vw, 300px\" \/><br \/>\nx<\/a><\/p>\n<p>Els nens i nenes de P4 som la classe dels cotxes de carreres. Evidentment, era molt dif\u00edcil trobar alg\u00fa que tingu\u00e9s un cotxe de carreres, perqu\u00e8 ens el enseny\u00e9s. En comptes d&#8217;aix\u00f2 hem vist el cotxe de la Judit. Hem descobert el volant, el maleter, els triangles, etc.<\/p>\n<p>Ens ha agradat molt!!!!!!<\/p>\n","protected":false},"excerpt":{"rendered":"<p><a href=\"https:\/\/photos.app.goo.gl\/Jqr4cxLa95rS8BKW6\"><br \/>\nx<\/a><br \/>\nEls nens i nenes de P4 som la classe dels cotxes de carreres. Evidentment, era molt dif\u00edcil trobar alg\u00fa que tingu\u00e9s un cotxe de carreres, perqu\u00e8 ens el enseny\u00e9s. En comptes d&#8217;aix\u00f2 hem vist el cotxe de la Judit. Hem descobert el volant, el&hellip;  <a href=\"https:\/\/agora.xtec.cat\/escolabacdecerdanya\/general\/projecte-p4\/\" title=\"Read Projecte P4\">Llegeix m\u00e9s\u00bb<\/a><\/p>\n","protected":false},"author":32,"featured_media":2280,"comment_status":"open","ping_status":"closed","sticky":false,"template":"","format":"standard","meta":{"_bbp_topic_count":0,"_bbp_reply_count":0,"_bbp_total_topic_count":0,"_bbp_total_reply_count":0,"_bbp_voice_count":0,"_bbp_anonymous_reply_count":0,"_bbp_topic_count_hidden":0,"_bbp_reply_count_hidden":0,"_bbp_forum_subforum_count":0,"footnotes":""},"categories":[103,1,8,4],"tags":[],"class_list":["post-2271","post","type-post","status-publish","format-standard","has-post-thumbnail","hentry","category-infantil-2","category-general","category-p4","category-portada"],"post_mailing_queue_ids":[],"_links":{"self":[{"href":"https:\/\/agora.xtec.cat\/escolabacdecerdanya\/wp-json\/wp\/v2\/posts\/2271","targetHints":{"allow":["GET"]}}],"collection":[{"href":"https:\/\/agora.xtec.cat\/escolabacdecerdanya\/wp-json\/wp\/v2\/posts"}],"about":[{"href":"https:\/\/agora.xtec.cat\/escolabacdecerdanya\/wp-json\/wp\/v2\/types\/post"}],"author":[{"embeddable":true,"href":"https:\/\/agora.xtec.cat\/escolabacdecerdanya\/wp-json\/wp\/v2\/users\/32"}],"replies":[{"embeddable":true,"href":"https:\/\/agora.xtec.cat\/escolabacdecerdanya\/wp-json\/wp\/v2\/comments?post=2271"}],"version-history":[{"count":3,"href":"https:\/\/agora.xtec.cat\/escolabacdecerdanya\/wp-json\/wp\/v2\/posts\/2271\/revisions"}],"predecessor-version":[{"id":2374,"href":"https:\/\/agora.xtec.cat\/escolabacdecerdanya\/wp-json\/wp\/v2\/posts\/2271\/revisions\/2374"}],"wp:featuredmedia":[{"embeddable":true,"href":"https:\/\/agora.xtec.cat\/escolabacdecerdanya\/wp-json\/wp\/v2\/media\/2280"}],"wp:attachment":[{"href":"https:\/\/agora.xtec.cat\/escolabacdecerdanya\/wp-json\/wp\/v2\/media?parent=2271"}],"wp:term":[{"taxonomy":"category","embeddable":true,"href":"https:\/\/agora.xtec.cat\/escolabacdecerdanya\/wp-json\/wp\/v2\/categories?post=2271"},{"taxonomy":"post_tag","embeddable":true,"href":"https:\/\/agora.xtec.cat\/escolabacdecerdanya\/wp-json\/wp\/v2\/tags?post=2271"}],"curies":[{"name":"wp","href":"https:\/\/api.w.org\/{rel}","templated":true}]}}