{"id":2260,"date":"2019-11-27T17:28:02","date_gmt":"2019-11-27T16:28:02","guid":{"rendered":"http:\/\/agora.xtec.cat\/escolabacdecerdanya\/?p=2260"},"modified":"2019-11-27T17:32:07","modified_gmt":"2019-11-27T16:32:07","slug":"experimentem-amb-el-sol","status":"publish","type":"post","link":"https:\/\/agora.xtec.cat\/escolabacdecerdanya\/portada\/experimentem-amb-el-sol\/","title":{"rendered":"EXPERIMENTEM AMB EL SOL"},"content":{"rendered":"<p>Seguint amb el projecte del Sol, la Terra i la Lluna que estem treballant hem experiemntat amb el sol.<\/p>\n<p>Vam observar l&#8217;ombra i amb les br\u00faixoles vam investigar d&#8217;on venia el sol, despr\u00e9s de provar-ho al mat\u00ed, al migdia i a la tarda, hem descobert que el sol surt per l&#8217;<strong>est<\/strong> i es pon per l<strong>&#8216;oest.<\/strong><\/p>\n<p><a href=\"https:\/\/photos.app.goo.gl\/1zi7mmUxMms2APQ76\">AQU\u00cd<\/a> us deixem algunes fotos de la nostra feina.<\/p>\n","protected":false},"excerpt":{"rendered":"<p>Seguint el projecte de M\u00e9s enll\u00e0 del cel, hem experimentat amb el sol.&hellip;  <a href=\"https:\/\/agora.xtec.cat\/escolabacdecerdanya\/portada\/experimentem-amb-el-sol\/\" title=\"Read EXPERIMENTEM AMB EL SOL\">Llegeix m\u00e9s\u00bb<\/a><\/p>\n","protected":false},"author":3,"featured_media":2263,"comment_status":"open","ping_status":"closed","sticky":false,"template":"","format":"standard","meta":{"_bbp_topic_count":0,"_bbp_reply_count":0,"_bbp_total_topic_count":0,"_bbp_total_reply_count":0,"_bbp_voice_count":0,"_bbp_anonymous_reply_count":0,"_bbp_topic_count_hidden":0,"_bbp_reply_count_hidden":0,"_bbp_forum_subforum_count":0,"footnotes":""},"categories":[10,11,104,4],"tags":[164,167,166],"class_list":["post-2260","post","type-post","status-publish","format-standard","has-post-thumbnail","hentry","category-1r","category-2n","category-inicial","category-portada","tag-experimentem","tag-medi","tag-projecte"],"post_mailing_queue_ids":[],"_links":{"self":[{"href":"https:\/\/agora.xtec.cat\/escolabacdecerdanya\/wp-json\/wp\/v2\/posts\/2260","targetHints":{"allow":["GET"]}}],"collection":[{"href":"https:\/\/agora.xtec.cat\/escolabacdecerdanya\/wp-json\/wp\/v2\/posts"}],"about":[{"href":"https:\/\/agora.xtec.cat\/escolabacdecerdanya\/wp-json\/wp\/v2\/types\/post"}],"author":[{"embeddable":true,"href":"https:\/\/agora.xtec.cat\/escolabacdecerdanya\/wp-json\/wp\/v2\/users\/3"}],"replies":[{"embeddable":true,"href":"https:\/\/agora.xtec.cat\/escolabacdecerdanya\/wp-json\/wp\/v2\/comments?post=2260"}],"version-history":[{"count":1,"href":"https:\/\/agora.xtec.cat\/escolabacdecerdanya\/wp-json\/wp\/v2\/posts\/2260\/revisions"}],"predecessor-version":[{"id":2262,"href":"https:\/\/agora.xtec.cat\/escolabacdecerdanya\/wp-json\/wp\/v2\/posts\/2260\/revisions\/2262"}],"wp:featuredmedia":[{"embeddable":true,"href":"https:\/\/agora.xtec.cat\/escolabacdecerdanya\/wp-json\/wp\/v2\/media\/2263"}],"wp:attachment":[{"href":"https:\/\/agora.xtec.cat\/escolabacdecerdanya\/wp-json\/wp\/v2\/media?parent=2260"}],"wp:term":[{"taxonomy":"category","embeddable":true,"href":"https:\/\/agora.xtec.cat\/escolabacdecerdanya\/wp-json\/wp\/v2\/categories?post=2260"},{"taxonomy":"post_tag","embeddable":true,"href":"https:\/\/agora.xtec.cat\/escolabacdecerdanya\/wp-json\/wp\/v2\/tags?post=2260"}],"curies":[{"name":"wp","href":"https:\/\/api.w.org\/{rel}","templated":true}]}}