{"id":2226,"date":"2019-11-06T12:47:07","date_gmt":"2019-11-06T11:47:07","guid":{"rendered":"http:\/\/agora.xtec.cat\/escolabacdecerdanya\/?p=2226"},"modified":"2019-11-06T12:47:07","modified_gmt":"2019-11-06T11:47:07","slug":"la-decoracio-de-la-tardor","status":"publish","type":"post","link":"https:\/\/agora.xtec.cat\/escolabacdecerdanya\/portada\/la-decoracio-de-la-tardor\/","title":{"rendered":"La decoraci\u00f3 de la tardor"},"content":{"rendered":"<p>Els nens i nenes de cicle superior (5\u00e8 i 6\u00e8) vam decorar l&#8217;entrada de l&#8217;escola amb colors de la tardor, fulles, castanyes i paperines.<\/p>\n<p><span style=\"font-family: inherit;font-size: 1em\">Ens ha agradat molt\u00a0 tot el treball que hem fet, com ens ha quedat!!!\u00a0<\/span><\/p>\n<p style=\"text-align: center\"><a href=\"https:\/\/photos.app.goo.gl\/jR7vDSUaCRQiAydE6\"><img loading=\"lazy\" decoding=\"async\" class=\"wp-image-2231 aligncenter\" src=\"https:\/\/agora.xtec.cat\/escolabacdecerdanya\/wp-content\/uploads\/usu1753\/2019\/11\/foto-1.jpg\" alt=\"\" width=\"375\" height=\"281\" srcset=\"https:\/\/agora.xtec.cat\/escolabacdecerdanya\/wp-content\/uploads\/usu1753\/2019\/11\/foto-1.jpg 438w, https:\/\/agora.xtec.cat\/escolabacdecerdanya\/wp-content\/uploads\/usu1753\/2019\/11\/foto-1-300x225.jpg 300w, https:\/\/agora.xtec.cat\/escolabacdecerdanya\/wp-content\/uploads\/usu1753\/2019\/11\/foto-1-200x150.jpg 200w\" sizes=\"auto, (max-width: 375px) 100vw, 375px\" \/><\/a><\/p>\n<p>&nbsp;<\/p>\n<p>&nbsp;<\/p>\n<p>&nbsp;<\/p>\n","protected":false},"excerpt":{"rendered":"<p>Els nens i nenes de cicle superior (5\u00e8 i 6\u00e8) vam decorar l&#8217;entrada de l&#8217;escola amb colors de la tardor, fulles, castanyes i paperines.<br \/>\nEns ha agradat molt\u00a0 tot el treball que hem fet, com ens ha quedat!!!\u00a0<br \/>\n<a href=\"https:\/\/photos.app.goo.gl\/jR7vDSUaCRQiAydE6\"><\/a><br \/>\n&nbsp;<br \/>\n&nbsp;<br \/>\n&nbsp;<\/p>\n","protected":false},"author":27,"featured_media":2229,"comment_status":"open","ping_status":"closed","sticky":false,"template":"","format":"standard","meta":{"_bbp_topic_count":0,"_bbp_reply_count":0,"_bbp_total_topic_count":0,"_bbp_total_reply_count":0,"_bbp_voice_count":0,"_bbp_anonymous_reply_count":0,"_bbp_topic_count_hidden":0,"_bbp_reply_count_hidden":0,"_bbp_forum_subforum_count":0,"footnotes":""},"categories":[14,15,76,4],"tags":[],"class_list":["post-2226","post","type-post","status-publish","format-standard","has-post-thumbnail","hentry","category-5e","category-6e","category-cicle-superior","category-portada"],"post_mailing_queue_ids":[],"_links":{"self":[{"href":"https:\/\/agora.xtec.cat\/escolabacdecerdanya\/wp-json\/wp\/v2\/posts\/2226","targetHints":{"allow":["GET"]}}],"collection":[{"href":"https:\/\/agora.xtec.cat\/escolabacdecerdanya\/wp-json\/wp\/v2\/posts"}],"about":[{"href":"https:\/\/agora.xtec.cat\/escolabacdecerdanya\/wp-json\/wp\/v2\/types\/post"}],"author":[{"embeddable":true,"href":"https:\/\/agora.xtec.cat\/escolabacdecerdanya\/wp-json\/wp\/v2\/users\/27"}],"replies":[{"embeddable":true,"href":"https:\/\/agora.xtec.cat\/escolabacdecerdanya\/wp-json\/wp\/v2\/comments?post=2226"}],"version-history":[{"count":3,"href":"https:\/\/agora.xtec.cat\/escolabacdecerdanya\/wp-json\/wp\/v2\/posts\/2226\/revisions"}],"predecessor-version":[{"id":2233,"href":"https:\/\/agora.xtec.cat\/escolabacdecerdanya\/wp-json\/wp\/v2\/posts\/2226\/revisions\/2233"}],"wp:featuredmedia":[{"embeddable":true,"href":"https:\/\/agora.xtec.cat\/escolabacdecerdanya\/wp-json\/wp\/v2\/media\/2229"}],"wp:attachment":[{"href":"https:\/\/agora.xtec.cat\/escolabacdecerdanya\/wp-json\/wp\/v2\/media?parent=2226"}],"wp:term":[{"taxonomy":"category","embeddable":true,"href":"https:\/\/agora.xtec.cat\/escolabacdecerdanya\/wp-json\/wp\/v2\/categories?post=2226"},{"taxonomy":"post_tag","embeddable":true,"href":"https:\/\/agora.xtec.cat\/escolabacdecerdanya\/wp-json\/wp\/v2\/tags?post=2226"}],"curies":[{"name":"wp","href":"https:\/\/api.w.org\/{rel}","templated":true}]}}