{"id":2076,"date":"2019-10-02T17:56:28","date_gmt":"2019-10-02T15:56:28","guid":{"rendered":"http:\/\/agora.xtec.cat\/escolabacdecerdanya\/?p=2076"},"modified":"2019-10-24T13:10:05","modified_gmt":"2019-10-24T11:10:05","slug":"sortida-a-prat-de-cadi-2","status":"publish","type":"post","link":"https:\/\/agora.xtec.cat\/escolabacdecerdanya\/portada\/sortida-a-prat-de-cadi-2\/","title":{"rendered":"SORTIDA A PRAT DE CAD\u00cd"},"content":{"rendered":"<p>Els alumnes de Cicle Mitj\u00e0 vam pujar a Prat de Cad\u00ed el passat 25 de setembre. Vam sortir del poble d&#8217;Estana i despr\u00e9s de 3 kil\u00f2metres caminant vam arribar al prat on vam poder gaudir de les vistes de la serralada del Cad\u00ed. Pel cam\u00ed vam observar les roques argiloses, la vegetaci\u00f3 t\u00edpica (pi roig, pi negre, boix,&#8230;) i diversos animals. Va fer bon temps i ens ho vam passar molt b\u00e9.<\/p>\n<p><a href=\"https:\/\/photos.app.goo.gl\/KVsjuaKquP6Bmk9j7\"><img loading=\"lazy\" decoding=\"async\" class=\"aligncenter wp-image-2094\" src=\"https:\/\/agora.xtec.cat\/escolabacdecerdanya\/wp-content\/uploads\/usu1753\/2019\/10\/foto-final-1024x498.jpg\" alt=\"\" width=\"383\" height=\"186\" srcset=\"https:\/\/agora.xtec.cat\/escolabacdecerdanya\/wp-content\/uploads\/usu1753\/2019\/10\/foto-final-1024x498.jpg 1024w, https:\/\/agora.xtec.cat\/escolabacdecerdanya\/wp-content\/uploads\/usu1753\/2019\/10\/foto-final-300x146.jpg 300w, https:\/\/agora.xtec.cat\/escolabacdecerdanya\/wp-content\/uploads\/usu1753\/2019\/10\/foto-final-768x373.jpg 768w, https:\/\/agora.xtec.cat\/escolabacdecerdanya\/wp-content\/uploads\/usu1753\/2019\/10\/foto-final.jpg 1416w\" sizes=\"auto, (max-width: 383px) 100vw, 383px\" \/><\/a><\/p>\n","protected":false},"excerpt":{"rendered":"<p>Els alumnes de Cicle Mitj\u00e0 vam pujar a Prat de Cad\u00ed el passat 25 de setembre. Vam sortir del poble d&#8217;Estana i despr\u00e9s de 3 kil\u00f2metres caminant vam arribar al prat on vam poder gaudir de les vistes de la serralada del Cad\u00ed. Pel cam\u00ed&hellip;  <a href=\"https:\/\/agora.xtec.cat\/escolabacdecerdanya\/portada\/sortida-a-prat-de-cadi-2\/\" title=\"Read SORTIDA A PRAT DE CAD\u00cd\">Llegeix m\u00e9s\u00bb<\/a><\/p>\n","protected":false},"author":32,"featured_media":2094,"comment_status":"open","ping_status":"closed","sticky":false,"template":"","format":"standard","meta":{"_bbp_topic_count":0,"_bbp_reply_count":0,"_bbp_total_topic_count":0,"_bbp_total_reply_count":0,"_bbp_voice_count":0,"_bbp_anonymous_reply_count":0,"_bbp_topic_count_hidden":0,"_bbp_reply_count_hidden":0,"_bbp_forum_subforum_count":0,"footnotes":""},"categories":[12,13,105,4,86],"tags":[],"class_list":["post-2076","post","type-post","status-publish","format-standard","has-post-thumbnail","hentry","category-3r","category-4t","category-mitja","category-portada","category-sortida"],"post_mailing_queue_ids":[],"_links":{"self":[{"href":"https:\/\/agora.xtec.cat\/escolabacdecerdanya\/wp-json\/wp\/v2\/posts\/2076","targetHints":{"allow":["GET"]}}],"collection":[{"href":"https:\/\/agora.xtec.cat\/escolabacdecerdanya\/wp-json\/wp\/v2\/posts"}],"about":[{"href":"https:\/\/agora.xtec.cat\/escolabacdecerdanya\/wp-json\/wp\/v2\/types\/post"}],"author":[{"embeddable":true,"href":"https:\/\/agora.xtec.cat\/escolabacdecerdanya\/wp-json\/wp\/v2\/users\/32"}],"replies":[{"embeddable":true,"href":"https:\/\/agora.xtec.cat\/escolabacdecerdanya\/wp-json\/wp\/v2\/comments?post=2076"}],"version-history":[{"count":3,"href":"https:\/\/agora.xtec.cat\/escolabacdecerdanya\/wp-json\/wp\/v2\/posts\/2076\/revisions"}],"predecessor-version":[{"id":2105,"href":"https:\/\/agora.xtec.cat\/escolabacdecerdanya\/wp-json\/wp\/v2\/posts\/2076\/revisions\/2105"}],"wp:featuredmedia":[{"embeddable":true,"href":"https:\/\/agora.xtec.cat\/escolabacdecerdanya\/wp-json\/wp\/v2\/media\/2094"}],"wp:attachment":[{"href":"https:\/\/agora.xtec.cat\/escolabacdecerdanya\/wp-json\/wp\/v2\/media?parent=2076"}],"wp:term":[{"taxonomy":"category","embeddable":true,"href":"https:\/\/agora.xtec.cat\/escolabacdecerdanya\/wp-json\/wp\/v2\/categories?post=2076"},{"taxonomy":"post_tag","embeddable":true,"href":"https:\/\/agora.xtec.cat\/escolabacdecerdanya\/wp-json\/wp\/v2\/tags?post=2076"}],"curies":[{"name":"wp","href":"https:\/\/api.w.org\/{rel}","templated":true}]}}