{"id":2056,"date":"2019-10-02T17:54:49","date_gmt":"2019-10-02T15:54:49","guid":{"rendered":"http:\/\/agora.xtec.cat\/escolabacdecerdanya\/?p=2056"},"modified":"2019-10-24T13:10:05","modified_gmt":"2019-10-24T11:10:05","slug":"sortida-a-lestany-de-malniu-2","status":"publish","type":"post","link":"https:\/\/agora.xtec.cat\/escolabacdecerdanya\/portada\/sortida-a-lestany-de-malniu-2\/","title":{"rendered":"SORTIDA A L&#8217;ESTANY DE MALNIU"},"content":{"rendered":"<p><a href=\"https:\/\/photos.app.goo.gl\/dUcG9z2Y64nqH8vF6\"><img loading=\"lazy\" decoding=\"async\" class=\"wp-image-2080 aligncenter\" src=\"https:\/\/agora.xtec.cat\/escolabacdecerdanya\/wp-content\/uploads\/usu1753\/2019\/10\/foto-300x225.jpg\" alt=\"\" width=\"451\" height=\"338\" srcset=\"https:\/\/agora.xtec.cat\/escolabacdecerdanya\/wp-content\/uploads\/usu1753\/2019\/10\/foto-300x225.jpg 300w, https:\/\/agora.xtec.cat\/escolabacdecerdanya\/wp-content\/uploads\/usu1753\/2019\/10\/foto-768x576.jpg 768w, https:\/\/agora.xtec.cat\/escolabacdecerdanya\/wp-content\/uploads\/usu1753\/2019\/10\/foto-1024x768.jpg 1024w, https:\/\/agora.xtec.cat\/escolabacdecerdanya\/wp-content\/uploads\/usu1753\/2019\/10\/foto-200x150.jpg 200w, https:\/\/agora.xtec.cat\/escolabacdecerdanya\/wp-content\/uploads\/usu1753\/2019\/10\/foto.jpg 2016w\" sizes=\"auto, (max-width: 451px) 100vw, 451px\" \/><\/a><\/p>\n<p style=\"text-align: justify\">El dimecres 25 de setembre, els nens i nenes de cicle superior vam anar d&#8217;excursi\u00f3 a Malniu. Vam comen\u00e7ar a pujar des de l&#8217;estaci\u00f3 d&#8217;esqu\u00ed de Guils fins al refugi de la Feixa i all\u00e0 vam esmorzar i la bi\u00f2loga que ens acompanyava ens va explicar coses sobre les molleres. A continuaci\u00f3 vam seguir la ruta fins a l&#8217;estany on vam fer activitats per veure com afecta la introducci\u00f3 d&#8217;una esp\u00e8cie invasora, el barb roig i la truita, en l&#8217;h\u00e0bitat d&#8217;un llac. Despr\u00e9s vam baixar fins al refugi de Malniu on vam dinar i descansar per agafar forces i continuar la baixada.<\/p>\n","protected":false},"excerpt":{"rendered":"<p><a href=\"https:\/\/photos.app.goo.gl\/dUcG9z2Y64nqH8vF6\"><\/a><br \/>\nEl dimecres 25 de setembre, els nens i nenes de cicle superior vam anar d&#8217;excursi\u00f3 a Malniu. Vam comen\u00e7ar a pujar des de l&#8217;estaci\u00f3 d&#8217;esqu\u00ed de Guils fins al refugi de la Feixa i all\u00e0 vam esmorzar i la bi\u00f2loga que ens acompanyava ens&hellip;  <a href=\"https:\/\/agora.xtec.cat\/escolabacdecerdanya\/portada\/sortida-a-lestany-de-malniu-2\/\" title=\"Read SORTIDA A L&#8217;ESTANY DE MALNIU\">Llegeix m\u00e9s\u00bb<\/a><\/p>\n","protected":false},"author":19,"featured_media":2080,"comment_status":"open","ping_status":"closed","sticky":false,"template":"","format":"standard","meta":{"_bbp_topic_count":0,"_bbp_reply_count":0,"_bbp_total_topic_count":0,"_bbp_total_reply_count":0,"_bbp_voice_count":0,"_bbp_anonymous_reply_count":0,"_bbp_topic_count_hidden":0,"_bbp_reply_count_hidden":0,"_bbp_forum_subforum_count":0,"footnotes":""},"categories":[14,15,76,4,86],"tags":[],"class_list":["post-2056","post","type-post","status-publish","format-standard","has-post-thumbnail","hentry","category-5e","category-6e","category-cicle-superior","category-portada","category-sortida"],"post_mailing_queue_ids":[],"_links":{"self":[{"href":"https:\/\/agora.xtec.cat\/escolabacdecerdanya\/wp-json\/wp\/v2\/posts\/2056","targetHints":{"allow":["GET"]}}],"collection":[{"href":"https:\/\/agora.xtec.cat\/escolabacdecerdanya\/wp-json\/wp\/v2\/posts"}],"about":[{"href":"https:\/\/agora.xtec.cat\/escolabacdecerdanya\/wp-json\/wp\/v2\/types\/post"}],"author":[{"embeddable":true,"href":"https:\/\/agora.xtec.cat\/escolabacdecerdanya\/wp-json\/wp\/v2\/users\/19"}],"replies":[{"embeddable":true,"href":"https:\/\/agora.xtec.cat\/escolabacdecerdanya\/wp-json\/wp\/v2\/comments?post=2056"}],"version-history":[{"count":3,"href":"https:\/\/agora.xtec.cat\/escolabacdecerdanya\/wp-json\/wp\/v2\/posts\/2056\/revisions"}],"predecessor-version":[{"id":2123,"href":"https:\/\/agora.xtec.cat\/escolabacdecerdanya\/wp-json\/wp\/v2\/posts\/2056\/revisions\/2123"}],"wp:featuredmedia":[{"embeddable":true,"href":"https:\/\/agora.xtec.cat\/escolabacdecerdanya\/wp-json\/wp\/v2\/media\/2080"}],"wp:attachment":[{"href":"https:\/\/agora.xtec.cat\/escolabacdecerdanya\/wp-json\/wp\/v2\/media?parent=2056"}],"wp:term":[{"taxonomy":"category","embeddable":true,"href":"https:\/\/agora.xtec.cat\/escolabacdecerdanya\/wp-json\/wp\/v2\/categories?post=2056"},{"taxonomy":"post_tag","embeddable":true,"href":"https:\/\/agora.xtec.cat\/escolabacdecerdanya\/wp-json\/wp\/v2\/tags?post=2056"}],"curies":[{"name":"wp","href":"https:\/\/api.w.org\/{rel}","templated":true}]}}