{"id":2048,"date":"2019-09-18T12:42:04","date_gmt":"2019-09-18T10:42:04","guid":{"rendered":"http:\/\/agora.xtec.cat\/escolabacdecerdanya\/?p=2048"},"modified":"2019-09-18T12:42:04","modified_gmt":"2019-09-18T10:42:04","slug":"setmana-de-la-mobilitat-sostenible","status":"publish","type":"post","link":"https:\/\/agora.xtec.cat\/escolabacdecerdanya\/general\/setmana-de-la-mobilitat-sostenible\/","title":{"rendered":"Setmana de la mobilitat sostenible"},"content":{"rendered":"<p>Aquests dies estem celebrant la Setmana de la mobilitat sostenible. Dimarts 17 de setembre vam venir a l&#8217;escola en bici o patinet i a mig mat\u00ed vam anar a fer un passeig pel poble amb les bicis i els patinets.<a href=\"https:\/\/photos.app.goo.gl\/obsMVBWMAAr6K8MV6\"><img loading=\"lazy\" decoding=\"async\" class=\"aligncenter wp-image-2050 size-large\" src=\"https:\/\/agora.xtec.cat\/escolabacdecerdanya\/wp-content\/uploads\/usu1753\/2019\/09\/20190917_114411-1024x768.jpg\" alt=\"\" width=\"1024\" height=\"768\" srcset=\"https:\/\/agora.xtec.cat\/escolabacdecerdanya\/wp-content\/uploads\/usu1753\/2019\/09\/20190917_114411-1024x768.jpg 1024w, https:\/\/agora.xtec.cat\/escolabacdecerdanya\/wp-content\/uploads\/usu1753\/2019\/09\/20190917_114411-300x225.jpg 300w, https:\/\/agora.xtec.cat\/escolabacdecerdanya\/wp-content\/uploads\/usu1753\/2019\/09\/20190917_114411-768x576.jpg 768w, https:\/\/agora.xtec.cat\/escolabacdecerdanya\/wp-content\/uploads\/usu1753\/2019\/09\/20190917_114411-200x150.jpg 200w, https:\/\/agora.xtec.cat\/escolabacdecerdanya\/wp-content\/uploads\/usu1753\/2019\/09\/20190917_114411.jpg 2016w\" sizes=\"auto, (max-width: 1024px) 100vw, 1024px\" \/><\/a><\/p>\n<p>&nbsp;<\/p>\n<p>Els m\u00e9s petits de l&#8217;escola vam jugar amb les bicis i els patinets per l&#8217;avinguda Pirineus mentre esper\u00e0vem als grans que arribessin de fer el volt.<\/p>\n<p><a href=\"https:\/\/photos.app.goo.gl\/obsMVBWMAAr6K8MV6\"><img loading=\"lazy\" decoding=\"async\" class=\"wp-image-2051 size-large aligncenter\" src=\"https:\/\/agora.xtec.cat\/escolabacdecerdanya\/wp-content\/uploads\/usu1753\/2019\/09\/20190917_120047-1024x576.jpg\" alt=\"\" width=\"1024\" height=\"576\" srcset=\"https:\/\/agora.xtec.cat\/escolabacdecerdanya\/wp-content\/uploads\/usu1753\/2019\/09\/20190917_120047-1024x576.jpg 1024w, https:\/\/agora.xtec.cat\/escolabacdecerdanya\/wp-content\/uploads\/usu1753\/2019\/09\/20190917_120047-300x169.jpg 300w, https:\/\/agora.xtec.cat\/escolabacdecerdanya\/wp-content\/uploads\/usu1753\/2019\/09\/20190917_120047-768x432.jpg 768w, https:\/\/agora.xtec.cat\/escolabacdecerdanya\/wp-content\/uploads\/usu1753\/2019\/09\/20190917_120047.jpg 2016w\" sizes=\"auto, (max-width: 1024px) 100vw, 1024px\" \/><\/a><\/p>\n<p>Al pati ens van deixar muntats uns jocs sobre l&#8217;estalvi d&#8217;energia i hi vam anar a jugar durant tot el dia.<\/p>\n<p><a href=\"https:\/\/photos.app.goo.gl\/obsMVBWMAAr6K8MV6\"><img loading=\"lazy\" decoding=\"async\" class=\"aligncenter wp-image-2049 size-large\" src=\"https:\/\/agora.xtec.cat\/escolabacdecerdanya\/wp-content\/uploads\/usu1753\/2019\/09\/IMG_4883-1024x768.jpg\" alt=\"\" width=\"1024\" height=\"768\" srcset=\"https:\/\/agora.xtec.cat\/escolabacdecerdanya\/wp-content\/uploads\/usu1753\/2019\/09\/IMG_4883-1024x768.jpg 1024w, https:\/\/agora.xtec.cat\/escolabacdecerdanya\/wp-content\/uploads\/usu1753\/2019\/09\/IMG_4883-300x225.jpg 300w, https:\/\/agora.xtec.cat\/escolabacdecerdanya\/wp-content\/uploads\/usu1753\/2019\/09\/IMG_4883-768x576.jpg 768w, https:\/\/agora.xtec.cat\/escolabacdecerdanya\/wp-content\/uploads\/usu1753\/2019\/09\/IMG_4883-200x150.jpg 200w, https:\/\/agora.xtec.cat\/escolabacdecerdanya\/wp-content\/uploads\/usu1753\/2019\/09\/IMG_4883.jpg 1672w\" sizes=\"auto, (max-width: 1024px) 100vw, 1024px\" \/><\/a><\/p>\n<p>Com que \u00e9s un tema de molta import\u00e0ncia va venir la televisi\u00f3 a gravar-nos! <a href=\"http:\/\/www.pirineustv.cat\/2019\/09\/17\/alp-se-suma-a-la-setmana-europea-de-la-mobilitat\/\">Aqu\u00ed podeu veure el v\u00eddeo de la not\u00edcia!<\/a><\/p>\n<p>&nbsp;<\/p>\n<p>Ens ho vam passar molt b\u00e9!<\/p>\n","protected":false},"excerpt":{"rendered":"<p>Aquests dies estem celebrant la Setmana de la mobilitat sostenible. Dimarts 17 de setembre vam venir a l&#8217;escola en bici o patinet i a mig mat\u00ed vam anar a fer un passeig pel poble amb les bicis i els patinets.<a href=\"https:\/\/photos.app.goo.gl\/obsMVBWMAAr6K8MV6\"><\/a><br \/>\n&nbsp;<br \/>\nEls m\u00e9s petits de l&#8217;escola&hellip;  <a href=\"https:\/\/agora.xtec.cat\/escolabacdecerdanya\/general\/setmana-de-la-mobilitat-sostenible\/\" title=\"Read Setmana de la mobilitat sostenible\">Llegeix m\u00e9s\u00bb<\/a><\/p>\n","protected":false},"author":1,"featured_media":2052,"comment_status":"open","ping_status":"closed","sticky":false,"template":"","format":"standard","meta":{"_bbp_topic_count":0,"_bbp_reply_count":0,"_bbp_total_topic_count":0,"_bbp_total_reply_count":0,"_bbp_voice_count":0,"_bbp_anonymous_reply_count":0,"_bbp_topic_count_hidden":0,"_bbp_reply_count_hidden":0,"_bbp_forum_subforum_count":0,"footnotes":""},"categories":[1,83,4],"tags":[],"class_list":["post-2048","post","type-post","status-publish","format-standard","has-post-thumbnail","hentry","category-general","category-pati","category-portada"],"post_mailing_queue_ids":[],"_links":{"self":[{"href":"https:\/\/agora.xtec.cat\/escolabacdecerdanya\/wp-json\/wp\/v2\/posts\/2048","targetHints":{"allow":["GET"]}}],"collection":[{"href":"https:\/\/agora.xtec.cat\/escolabacdecerdanya\/wp-json\/wp\/v2\/posts"}],"about":[{"href":"https:\/\/agora.xtec.cat\/escolabacdecerdanya\/wp-json\/wp\/v2\/types\/post"}],"author":[{"embeddable":true,"href":"https:\/\/agora.xtec.cat\/escolabacdecerdanya\/wp-json\/wp\/v2\/users\/1"}],"replies":[{"embeddable":true,"href":"https:\/\/agora.xtec.cat\/escolabacdecerdanya\/wp-json\/wp\/v2\/comments?post=2048"}],"version-history":[{"count":1,"href":"https:\/\/agora.xtec.cat\/escolabacdecerdanya\/wp-json\/wp\/v2\/posts\/2048\/revisions"}],"predecessor-version":[{"id":2053,"href":"https:\/\/agora.xtec.cat\/escolabacdecerdanya\/wp-json\/wp\/v2\/posts\/2048\/revisions\/2053"}],"wp:featuredmedia":[{"embeddable":true,"href":"https:\/\/agora.xtec.cat\/escolabacdecerdanya\/wp-json\/wp\/v2\/media\/2052"}],"wp:attachment":[{"href":"https:\/\/agora.xtec.cat\/escolabacdecerdanya\/wp-json\/wp\/v2\/media?parent=2048"}],"wp:term":[{"taxonomy":"category","embeddable":true,"href":"https:\/\/agora.xtec.cat\/escolabacdecerdanya\/wp-json\/wp\/v2\/categories?post=2048"},{"taxonomy":"post_tag","embeddable":true,"href":"https:\/\/agora.xtec.cat\/escolabacdecerdanya\/wp-json\/wp\/v2\/tags?post=2048"}],"curies":[{"name":"wp","href":"https:\/\/api.w.org\/{rel}","templated":true}]}}