{"id":1929,"date":"2015-11-30T18:42:00","date_gmt":"2015-11-30T17:42:00","guid":{"rendered":"http:\/\/agora.xtec.cat\/escolabacdecerdanya\/general\/projecte-de-p3-els-cavalls\/"},"modified":"2015-11-30T18:42:00","modified_gmt":"2015-11-30T17:42:00","slug":"projecte-de-p3-els-cavalls","status":"publish","type":"post","link":"https:\/\/agora.xtec.cat\/escolabacdecerdanya\/general\/projecte-de-p3-els-cavalls\/","title":{"rendered":"PROJECTE DE P3: ELS CAVALLS"},"content":{"rendered":"<div style=\"margin-bottom: 0cm; text-align: center;\"><span lang=\"ca-ES\"><span style=\"font-family: Arial, Helvetica, sans-serif;\">A la classe dels cavalls hem anat descobrint coses molt interessants sobre els cavalls. Ara estem treballant el com s\u00f3n els cavalls. Hem vist que els cavalls tenen ulls i orelles com nosaltres, per\u00f2 el seu nas t\u00e9 un altre nom: el musell.<\/span><\/span><\/div>\n<div style=\"margin-bottom: 0cm; text-align: center;\"><span lang=\"ca-ES\"><span style=\"font-family: Arial, Helvetica, sans-serif;\"><br \/><\/span><\/span><\/div>\n<div style=\"clear: both; text-align: center;\"><span style=\"font-family: Arial, Helvetica, sans-serif;\">Els nens i nenes de P-3 estan aprenent a identificar aquestes parts i a comptar el nombre d\u2019orelles, ulls, musell, cua&#8230;<\/span><\/div>\n<p><\/p>\n<div style=\"clear: both; text-align: center;\"><a href=\"http:\/\/3.bp.blogspot.com\/-X35e6qxgW9w\/VlhIcs4-xUI\/AAAAAAAAKgE\/hxznDqAPEqw\/s1600\/DSC00172.JPG\" style=\"margin-left: 1em; margin-right: 1em;\"><img loading=\"lazy\" decoding=\"async\" border=\"0\" height=\"240\" src=\"http:\/\/3.bp.blogspot.com\/-X35e6qxgW9w\/VlhIcs4-xUI\/AAAAAAAAKgE\/hxznDqAPEqw\/s320\/DSC00172.JPG\" width=\"320\" \/><\/a><\/div>\n<div style=\"clear: both; text-align: center;\"><\/div>\n<div style=\"clear: both; text-align: center;\"><a href=\"http:\/\/3.bp.blogspot.com\/-XdMimefscmU\/VlhIcYJfCNI\/AAAAAAAAKgA\/4ZrVt-EvUDU\/s1600\/DSC00170.JPG\" style=\"margin-left: 1em; margin-right: 1em;\"><img loading=\"lazy\" decoding=\"async\" border=\"0\" height=\"240\" src=\"http:\/\/3.bp.blogspot.com\/-XdMimefscmU\/VlhIcYJfCNI\/AAAAAAAAKgA\/4ZrVt-EvUDU\/s320\/DSC00170.JPG\" width=\"320\" \/><\/a><\/div>\n<p><\/p>\n","protected":false},"excerpt":{"rendered":"<p>A la classe dels cavalls hem anat descobrint coses molt interessants sobre els cavalls. Ara estem treballant el com s\u00f3n els cavalls. Hem vist que els cavalls tenen ulls i orelles com nosaltres, per\u00f2 el seu nas t\u00e9 un altre nom: el musell.<\/p>\n<p>Els nens i&hellip;  <a href=\"https:\/\/agora.xtec.cat\/escolabacdecerdanya\/general\/projecte-de-p3-els-cavalls\/\" title=\"Read PROJECTE DE P3: ELS CAVALLS\">Llegeix m\u00e9s\u00bb<\/a><\/p>\n","protected":false},"author":30,"featured_media":0,"comment_status":"open","ping_status":"closed","sticky":false,"template":"","format":"standard","meta":{"_bbp_topic_count":0,"_bbp_reply_count":0,"_bbp_total_topic_count":0,"_bbp_total_reply_count":0,"_bbp_voice_count":0,"_bbp_anonymous_reply_count":0,"_bbp_topic_count_hidden":0,"_bbp_reply_count_hidden":0,"_bbp_forum_subforum_count":0,"footnotes":""},"categories":[1],"tags":[],"class_list":["post-1929","post","type-post","status-publish","format-standard","hentry","category-general"],"post_mailing_queue_ids":[],"_links":{"self":[{"href":"https:\/\/agora.xtec.cat\/escolabacdecerdanya\/wp-json\/wp\/v2\/posts\/1929","targetHints":{"allow":["GET"]}}],"collection":[{"href":"https:\/\/agora.xtec.cat\/escolabacdecerdanya\/wp-json\/wp\/v2\/posts"}],"about":[{"href":"https:\/\/agora.xtec.cat\/escolabacdecerdanya\/wp-json\/wp\/v2\/types\/post"}],"author":[{"embeddable":true,"href":"https:\/\/agora.xtec.cat\/escolabacdecerdanya\/wp-json\/wp\/v2\/users\/30"}],"replies":[{"embeddable":true,"href":"https:\/\/agora.xtec.cat\/escolabacdecerdanya\/wp-json\/wp\/v2\/comments?post=1929"}],"version-history":[{"count":0,"href":"https:\/\/agora.xtec.cat\/escolabacdecerdanya\/wp-json\/wp\/v2\/posts\/1929\/revisions"}],"wp:attachment":[{"href":"https:\/\/agora.xtec.cat\/escolabacdecerdanya\/wp-json\/wp\/v2\/media?parent=1929"}],"wp:term":[{"taxonomy":"category","embeddable":true,"href":"https:\/\/agora.xtec.cat\/escolabacdecerdanya\/wp-json\/wp\/v2\/categories?post=1929"},{"taxonomy":"post_tag","embeddable":true,"href":"https:\/\/agora.xtec.cat\/escolabacdecerdanya\/wp-json\/wp\/v2\/tags?post=1929"}],"curies":[{"name":"wp","href":"https:\/\/api.w.org\/{rel}","templated":true}]}}