{"id":1927,"date":"2016-01-10T19:08:00","date_gmt":"2016-01-10T18:08:00","guid":{"rendered":"http:\/\/agora.xtec.cat\/escolabacdecerdanya\/general\/celebrem-el-nadal\/"},"modified":"2016-01-10T19:08:00","modified_gmt":"2016-01-10T18:08:00","slug":"celebrem-el-nadal","status":"publish","type":"post","link":"https:\/\/agora.xtec.cat\/escolabacdecerdanya\/general\/celebrem-el-nadal\/","title":{"rendered":"Celebrem el Nadal"},"content":{"rendered":"<div style=\"text-align: center;\"><span style=\"font-family: Arial,Helvetica,sans-serif;\">Els nens i nenes d&#8217;Educaci\u00f3 Infantil de l&#8217;escola hem <span style=\"color: #cc0000;\"><span style=\"font-size: large;\"><span style=\"font-size: small;\"><span style=\"color: black;\">celebrat el<\/span><\/span><b> Nada<\/b><b>l<\/b><\/span><\/span> de moltes maneres diferents.<\/span><\/div>\n<div style=\"text-align: center;\"><span style=\"font-family: Arial,Helvetica,sans-serif;\">Hem decorat el passad\u00eds per tenir una escola m\u00e9s bonica. Us agrada?<\/span><\/div>\n<div style=\"text-align: center;\"><span style=\"font-family: Arial,Helvetica,sans-serif;\">Ens ha vingut a veure el <span style=\"font-size: large;\"><b><span style=\"color: #e69138;\">Ti\u00f3<\/span><\/b><\/span>, l&#8217;hem cuidat i li hem donat menjar cada dia. Fins i tot, d&#8217;amagat, li hem fet petons i li hem explicat secrets.&nbsp;<\/span><\/div>\n<div style=\"text-align: center;\"><span style=\"font-family: Arial,Helvetica,sans-serif;\">El pen\u00faltim dia del trimestre vam participar a la <span style=\"font-size: large;\"><b><span style=\"color: #38761d;\">Festa de Nadal <\/span><\/b><\/span>recitant els poemes que hem apr\u00e8s per dir aquests dies de festa a les fam\u00edlies i cantant la can\u00e7\u00f3 d&#8217;en <i>R\u00fadolf el petit c\u00e9rvol<\/i>.<\/span><\/div>\n<div style=\"text-align: center;\"><span style=\"font-family: Arial,Helvetica,sans-serif;\">L&#8217;\u00faltim dia abans de les vacances vam fer <span style=\"color: #e69138;\"><span style=\"font-size: large;\"><b>cagar el Ti\u00f3<\/b><\/span><\/span>. Que b\u00e9 ens ho vam passar! I que contents ens vam posar amb els seus regals: una bossa de l&#8217;escola, llaminadures i torrons.&nbsp;<\/span><\/div>\n<div style=\"text-align: center;\"><span style=\"font-family: Arial,Helvetica,sans-serif;\">I per acabar, ens va visitar el <span style=\"font-size: large;\"><b><span style=\"color: #134f5c;\">patge Gregori<\/span><\/b><\/span>. Li vam donar les nostres cartes perqu\u00e8 les fes arribar a ses majestats els Reis Mags d&#8217;Orient, li vam recitar el poema de Nadal i abans de marxar ens va regalar un conte de la seva hist\u00f2ria a cada nen i nena. Moltes gr\u00e0cies, patge Gregori!<\/span><\/div>\n<div style=\"text-align: center;\"><\/div>\n<div style=\"text-align: center;\"><span style=\"font-size: large;\"><b><span style=\"font-family: Arial,Helvetica,sans-serif;\">Bon Nadal i feli\u00e7 2016!<\/span><\/b><\/span><\/div>\n<p><embed flashvars=\"host=picasaweb.google.com&amp;hl=ca&amp;feat=flashalbum&amp;RGB=0x000000&amp;feed=https%3A%2F%2Fpicasaweb.google.com%2Fdata%2Ffeed%2Fapi%2Fuser%2FE.Infantil.bac%2Falbumid%2F6238198137902994737%3Falt%3Drss%26kind%3Dphoto%26hl%3Dca\" height=\"533\" pluginspage=\"http:\/\/www.macromedia.com\/go\/getflashplayer\" src=\"https:\/\/photos.gstatic.com\/media\/slideshow.swf\" type=\"application\/x-shockwave-flash\" width=\"800\"><\/embed><\/p>\n","protected":false},"excerpt":{"rendered":"<p>Els nens i nenes d&#8217;Educaci\u00f3 Infantil de l&#8217;escola hem celebrat el Nadal de moltes maneres diferents.<br \/>\nHem decorat el passad\u00eds per tenir una escola m\u00e9s bonica. Us agrada?<br \/>\nEns ha vingut a veure el Ti\u00f3, l&#8217;hem cuidat i li hem donat menjar cada dia. Fins i tot,&hellip;  <a href=\"https:\/\/agora.xtec.cat\/escolabacdecerdanya\/general\/celebrem-el-nadal\/\" title=\"Read Celebrem el Nadal\">Llegeix m\u00e9s\u00bb<\/a><\/p>\n","protected":false},"author":30,"featured_media":0,"comment_status":"open","ping_status":"closed","sticky":false,"template":"","format":"standard","meta":{"_bbp_topic_count":0,"_bbp_reply_count":0,"_bbp_total_topic_count":0,"_bbp_total_reply_count":0,"_bbp_voice_count":0,"_bbp_anonymous_reply_count":0,"_bbp_topic_count_hidden":0,"_bbp_reply_count_hidden":0,"_bbp_forum_subforum_count":0,"footnotes":""},"categories":[1],"tags":[],"class_list":["post-1927","post","type-post","status-publish","format-standard","hentry","category-general"],"post_mailing_queue_ids":[],"_links":{"self":[{"href":"https:\/\/agora.xtec.cat\/escolabacdecerdanya\/wp-json\/wp\/v2\/posts\/1927","targetHints":{"allow":["GET"]}}],"collection":[{"href":"https:\/\/agora.xtec.cat\/escolabacdecerdanya\/wp-json\/wp\/v2\/posts"}],"about":[{"href":"https:\/\/agora.xtec.cat\/escolabacdecerdanya\/wp-json\/wp\/v2\/types\/post"}],"author":[{"embeddable":true,"href":"https:\/\/agora.xtec.cat\/escolabacdecerdanya\/wp-json\/wp\/v2\/users\/30"}],"replies":[{"embeddable":true,"href":"https:\/\/agora.xtec.cat\/escolabacdecerdanya\/wp-json\/wp\/v2\/comments?post=1927"}],"version-history":[{"count":0,"href":"https:\/\/agora.xtec.cat\/escolabacdecerdanya\/wp-json\/wp\/v2\/posts\/1927\/revisions"}],"wp:attachment":[{"href":"https:\/\/agora.xtec.cat\/escolabacdecerdanya\/wp-json\/wp\/v2\/media?parent=1927"}],"wp:term":[{"taxonomy":"category","embeddable":true,"href":"https:\/\/agora.xtec.cat\/escolabacdecerdanya\/wp-json\/wp\/v2\/categories?post=1927"},{"taxonomy":"post_tag","embeddable":true,"href":"https:\/\/agora.xtec.cat\/escolabacdecerdanya\/wp-json\/wp\/v2\/tags?post=1927"}],"curies":[{"name":"wp","href":"https:\/\/api.w.org\/{rel}","templated":true}]}}