{"id":1924,"date":"2016-02-05T18:13:00","date_gmt":"2016-02-05T17:13:00","guid":{"rendered":"http:\/\/agora.xtec.cat\/escolabacdecerdanya\/general\/celebrem-el-carnaval\/"},"modified":"2016-02-05T18:13:00","modified_gmt":"2016-02-05T17:13:00","slug":"celebrem-el-carnaval","status":"publish","type":"post","link":"https:\/\/agora.xtec.cat\/escolabacdecerdanya\/general\/celebrem-el-carnaval\/","title":{"rendered":"CELEBREM EL CARNAVAL!"},"content":{"rendered":"<div style=\"text-align: center;\"><span style=\"font-family: &quot;arial&quot; , &quot;helvetica&quot; , sans-serif;\">DIVENDRES PASSAT VA ARRIBAR EL <b><span style=\"color: red;\">REI CARNESTOLTES<\/span><\/b>&nbsp;A L&#8217;ESCOLA.<\/span><\/div>\n<div style=\"text-align: center;\"><span style=\"font-family: &quot;arial&quot; , &quot;helvetica&quot; , sans-serif;\">ELS NENS I NENES DE 5\u00e8 VAN LLEGIR EL PREG\u00d3 AMB LES CONSIGNES PER LA SETMANA DE CARNAVAL: DILLUNS AMB MITJONS LLARGS, DIMARTS D&#8217;ANIMADORES I FUTBOLISTES, DIMECRES AMB PIJAMA, DIJOUS DISFRESSATS PER CLASSES I DIVENDRES DE RAPERS I RAPERES.<\/span><\/div>\n<div style=\"text-align: center;\"><span style=\"font-family: &quot;arial&quot; , &quot;helvetica&quot; , sans-serif;\"><br \/><\/span><\/div>\n<div style=\"text-align: center;\"><span style=\"font-family: &quot;arial&quot; , &quot;helvetica&quot; , sans-serif;\">EL <b><span style=\"color: orange;\">DIJOUS GRAS<\/span><\/b>&nbsp;ENS VAM DISFRESSAR DE TORTUGUES NINJA, I VAM ANAR PEL POBLE A DEMANAR LA <b><span style=\"color: orange;\">ROSTITA<\/span><\/b>. ENS VAN DONAR MOLTES COSES I VAM ESMORZAR MOLT B\u00c9 A CASA PATXI.<\/span><\/div>\n<div style=\"text-align: center;\"><span style=\"font-family: &quot;arial&quot; , &quot;helvetica&quot; , sans-serif;\">A LA TARDA VAM FER UNA GRAN FESTA AMB M\u00daSICA I BALL AL GIMN\u00c0S PER ACABAR AMB UN BON BERENAR.<\/span><\/div>\n<div style=\"text-align: center;\"><span style=\"font-family: &quot;arial&quot; , &quot;helvetica&quot; , sans-serif;\"><br \/><\/span><\/div>\n<div style=\"text-align: center;\"><span style=\"font-family: &quot;arial&quot; , &quot;helvetica&quot; , sans-serif;\">AVUI, DIVENDRES, TOTS ENS QUEDEM A DINAR A L&#8217;ESCOLA PER MENJAR EL QUE AHIR VAM RECOLLIR: PICA-PICA, TRUITA, BOTIFARRA&#8230; TOT BON\u00cdSSIM!!!<\/span><br \/><span style=\"font-family: &quot;arial&quot; , &quot;helvetica&quot; , sans-serif;\"><br \/><\/span><span style=\"font-family: &quot;arial&quot; , &quot;helvetica&quot; , sans-serif;\"><br \/><\/span><\/div>\n<p><embed type=\"application\/x-shockwave-flash\" src=\"https:\/\/photos.gstatic.com\/media\/slideshow.swf\" width=\"600\" height=\"400\" flashvars=\"host=picasaweb.google.com&#038;captions=1&#038;hl=ca&#038;feat=flashalbum&#038;RGB=0x000000&#038;feed=https%3A%2F%2Fpicasaweb.google.com%2Fdata%2Ffeed%2Fapi%2Fuser%2FE.Infantil.bac%2Falbumid%2F6247777621535931025%3Falt%3Drss%26kind%3Dphoto%26hl%3Dca\" pluginspage=\"http:\/\/www.macromedia.com\/go\/getflashplayer\"><\/embed><\/p>\n<div style=\"text-align: center;\"><span style=\"font-family: &quot;arial&quot; , &quot;helvetica&quot; , sans-serif;\"><br \/><\/span><\/div>\n<div style=\"text-align: center;\"><span style=\"font-family: &quot;arial&quot; , &quot;helvetica&quot; , sans-serif;\">DESPR\u00c9S DE 4 DIES DE FESTA, ENS TROBAREM EL <b><span style=\"color: blue;\">DIMECRES DE CENDRA<\/span><\/b> A LA TARDA PER FER EL <span style=\"color: blue;\"><b>JUDICI DEL REI CARNESTOLTES<\/b><\/span>. S&#8217;HAUR\u00c0 ACABAT LA FESTA I LA XERINOLA I COMEN\u00c7AR\u00c0 EL TEMPS DE LA QUARESMA.<\/span><\/div>\n<div style=\"text-align: center;\"><span style=\"font-family: &quot;arial&quot; , &quot;helvetica&quot; , sans-serif;\"><br \/><\/span><\/div>\n<div style=\"text-align: center;\"><span style=\"font-family: &quot;arial&quot; , &quot;helvetica&quot; , sans-serif;\"><br \/><\/span><\/div>\n<div style=\"text-align: center;\"><span style=\"font-family: &quot;arial&quot; , &quot;helvetica&quot; , sans-serif;\"><br \/><\/span><\/div>\n<div style=\"text-align: center;\"><span style=\"font-family: &quot;arial&quot; , &quot;helvetica&quot; , sans-serif;\"><u><b>AQU\u00cd TENIU LA CAN\u00c7\u00d3 I EL CONTE QUE HEM APR\u00c8S AQUESTS DIES.<\/b><\/u><\/span><\/div>\n<div style=\"text-align: center;\"><span style=\"font-family: &quot;arial&quot; , &quot;helvetica&quot; , sans-serif;\"><br \/><\/span><\/div>\n<div style=\"text-align: center;\"><span style=\"font-family: &quot;arial&quot; , &quot;helvetica&quot; , sans-serif;\">CAN\u00c7\u00d3 DE CARNAVAL:<\/span><\/div>\n<div style=\"clear: both; text-align: center;\"><iframe loading=\"lazy\" allowfullscreen=\"\" data-thumbnail-src=\"https:\/\/i.ytimg.com\/vi\/GOP4sGSI5mI\/0.jpg\" frameborder=\"0\" height=\"266\" src=\"https:\/\/www.youtube.com\/embed\/GOP4sGSI5mI?feature=player_embedded\" width=\"320\"><\/iframe><\/div>\n<div style=\"text-align: center;\"><span style=\"font-family: &quot;arial&quot; , &quot;helvetica&quot; , sans-serif;\"><br \/><\/span><\/div>\n<div style=\"text-align: center;\"><span style=\"font-family: &quot;arial&quot; , &quot;helvetica&quot; , sans-serif;\"><br \/><\/span><\/div>\n<div style=\"text-align: center;\"><span style=\"font-family: &quot;arial&quot; , &quot;helvetica&quot; , sans-serif;\">CONTE DEL REI CARNESTOLTES I LA VELLA QUARESMA:<\/span><\/div>\n<div style=\"clear: both; text-align: center;\"><iframe loading=\"lazy\" allowfullscreen=\"\" data-thumbnail-src=\"https:\/\/i.ytimg.com\/vi\/7t8MayVIBpg\/0.jpg\" frameborder=\"0\" height=\"266\" src=\"https:\/\/www.youtube.com\/embed\/7t8MayVIBpg?feature=player_embedded\" width=\"320\"><\/iframe><\/div>\n<div style=\"text-align: center;\"><\/div>\n","protected":false},"excerpt":{"rendered":"<p>DIVENDRES PASSAT VA ARRIBAR EL REI CARNESTOLTES&nbsp;A L&#8217;ESCOLA.<br \/>\nELS NENS I NENES DE 5\u00e8 VAN LLEGIR EL PREG\u00d3 AMB LES CONSIGNES PER LA SETMANA DE CARNAVAL: DILLUNS AMB MITJONS LLARGS, DIMARTS D&#8217;ANIMADORES I FUTBOLISTES, DIMECRES AMB PIJAMA, DIJOUS DISFRESSATS PER CLASSES I DIVENDRES DE RAPERS I&hellip;  <a href=\"https:\/\/agora.xtec.cat\/escolabacdecerdanya\/general\/celebrem-el-carnaval\/\" title=\"Read CELEBREM EL CARNAVAL!\">Llegeix m\u00e9s\u00bb<\/a><\/p>\n","protected":false},"author":30,"featured_media":0,"comment_status":"open","ping_status":"closed","sticky":false,"template":"","format":"standard","meta":{"_bbp_topic_count":0,"_bbp_reply_count":0,"_bbp_total_topic_count":0,"_bbp_total_reply_count":0,"_bbp_voice_count":0,"_bbp_anonymous_reply_count":0,"_bbp_topic_count_hidden":0,"_bbp_reply_count_hidden":0,"_bbp_forum_subforum_count":0,"footnotes":""},"categories":[1],"tags":[],"class_list":["post-1924","post","type-post","status-publish","format-standard","hentry","category-general"],"post_mailing_queue_ids":[],"_links":{"self":[{"href":"https:\/\/agora.xtec.cat\/escolabacdecerdanya\/wp-json\/wp\/v2\/posts\/1924","targetHints":{"allow":["GET"]}}],"collection":[{"href":"https:\/\/agora.xtec.cat\/escolabacdecerdanya\/wp-json\/wp\/v2\/posts"}],"about":[{"href":"https:\/\/agora.xtec.cat\/escolabacdecerdanya\/wp-json\/wp\/v2\/types\/post"}],"author":[{"embeddable":true,"href":"https:\/\/agora.xtec.cat\/escolabacdecerdanya\/wp-json\/wp\/v2\/users\/30"}],"replies":[{"embeddable":true,"href":"https:\/\/agora.xtec.cat\/escolabacdecerdanya\/wp-json\/wp\/v2\/comments?post=1924"}],"version-history":[{"count":0,"href":"https:\/\/agora.xtec.cat\/escolabacdecerdanya\/wp-json\/wp\/v2\/posts\/1924\/revisions"}],"wp:attachment":[{"href":"https:\/\/agora.xtec.cat\/escolabacdecerdanya\/wp-json\/wp\/v2\/media?parent=1924"}],"wp:term":[{"taxonomy":"category","embeddable":true,"href":"https:\/\/agora.xtec.cat\/escolabacdecerdanya\/wp-json\/wp\/v2\/categories?post=1924"},{"taxonomy":"post_tag","embeddable":true,"href":"https:\/\/agora.xtec.cat\/escolabacdecerdanya\/wp-json\/wp\/v2\/tags?post=1924"}],"curies":[{"name":"wp","href":"https:\/\/api.w.org\/{rel}","templated":true}]}}