{"id":1923,"date":"2016-02-14T18:32:00","date_gmt":"2016-02-14T17:32:00","guid":{"rendered":"http:\/\/agora.xtec.cat\/escolabacdecerdanya\/general\/ha-arribat-la-vella-quaresma\/"},"modified":"2016-02-14T18:32:00","modified_gmt":"2016-02-14T17:32:00","slug":"ha-arribat-la-vella-quaresma","status":"publish","type":"post","link":"https:\/\/agora.xtec.cat\/escolabacdecerdanya\/general\/ha-arribat-la-vella-quaresma\/","title":{"rendered":"HA ARRIBAT LA VELLA QUARESMA!"},"content":{"rendered":"<div style=\"text-align: center;\"><span style=\"font-family: Verdana,sans-serif;\">AQUEST DIVENDRES 12 DE FEBRER VA ARRIBAR LA<b><span style=\"color: #cc0000;\"><span style=\"font-size: large;\">&nbsp;<\/span><\/span><\/b><\/span><\/div>\n<div style=\"text-align: center;\"><span style=\"font-family: Verdana,sans-serif;\"><b><span style=\"color: #cc0000;\"><span style=\"font-size: large;\">VELLA QUARESMA<\/span><\/span><\/b> A L&#8217;ESCOLA.<\/span><\/div>\n<div style=\"text-align: center;\"><span style=\"font-family: Verdana,sans-serif;\">QUAN VAM ARRIBAR DE LA SORTIDA A GUILS VAM TROBAR-LA AMB LES SEVES 7 CAMES I EL BACALL\u00c0 A LA M\u00c0 ESPERANT-NOS.<\/span><\/div>\n<div style=\"text-align: center;\"><span style=\"font-family: Verdana,sans-serif;\">LI VAM TREURE LA PRIMERA CAMA DESPR\u00c9S DE CANTAR-LI LA SEVA CAN\u00c7\u00d3.&nbsp; <\/span><\/div>\n<div style=\"text-align: center;\"><span style=\"font-family: Verdana,sans-serif;\">CADA DIVENDRES N&#8217;HI TRAUREM UNA FINS QUE NO N&#8217;HI QUEDI CAP!<\/span><\/div>\n<div style=\"clear: both; text-align: center;\"><a href=\"https:\/\/1.bp.blogspot.com\/-xj7SlahwkQI\/VsB-FpNQcYI\/AAAAAAAAKuo\/6atA7dAiwOY\/s1600\/DSC00482.JPG\" style=\"margin-left: 1em; margin-right: 1em;\"><img loading=\"lazy\" decoding=\"async\" border=\"0\" height=\"240\" src=\"https:\/\/1.bp.blogspot.com\/-xj7SlahwkQI\/VsB-FpNQcYI\/AAAAAAAAKuo\/6atA7dAiwOY\/s320\/DSC00482.JPG\" width=\"320\" \/><\/a><\/div>\n<p><\/p>\n<div style=\"clear: both; text-align: center;\"><a href=\"https:\/\/2.bp.blogspot.com\/-9MW9LysJi1g\/VsB90VlMySI\/AAAAAAAAKug\/2izsaiMt73E\/s1600\/DSC00483.JPG\" style=\"margin-left: 1em; margin-right: 1em;\"><img loading=\"lazy\" decoding=\"async\" border=\"0\" height=\"320\" src=\"https:\/\/2.bp.blogspot.com\/-9MW9LysJi1g\/VsB90VlMySI\/AAAAAAAAKug\/2izsaiMt73E\/s320\/DSC00483.JPG\" width=\"240\" \/><\/a><\/div>\n<p><\/p>\n<div style=\"clear: both; text-align: center;\"><a href=\"https:\/\/1.bp.blogspot.com\/-waZo55yfNhk\/VsB98W7WmPI\/AAAAAAAAKuk\/I1abDe0MfGA\/s1600\/DSC00484.JPG\" style=\"margin-left: 1em; margin-right: 1em;\"><img loading=\"lazy\" decoding=\"async\" border=\"0\" height=\"320\" src=\"https:\/\/1.bp.blogspot.com\/-waZo55yfNhk\/VsB98W7WmPI\/AAAAAAAAKuk\/I1abDe0MfGA\/s320\/DSC00484.JPG\" width=\"240\" \/><\/a><\/div>\n<p><\/p>\n<div style=\"clear: both; text-align: center;\"><a href=\"https:\/\/4.bp.blogspot.com\/-vTAEkC8OoyM\/VsB-wqH0CgI\/AAAAAAAAKu4\/6XYnbJxOhmY\/s1600\/DSC00486.JPG\" style=\"margin-left: 1em; margin-right: 1em;\"><img loading=\"lazy\" decoding=\"async\" border=\"0\" height=\"320\" src=\"https:\/\/4.bp.blogspot.com\/-vTAEkC8OoyM\/VsB-wqH0CgI\/AAAAAAAAKu4\/6XYnbJxOhmY\/s320\/DSC00486.JPG\" width=\"240\" \/><\/a><\/div>\n<p><\/p>\n<div style=\"clear: both; text-align: center;\"><a href=\"https:\/\/3.bp.blogspot.com\/-Ok4c8FKzsfg\/VsB-89b4y_I\/AAAAAAAAKvE\/A_J-nuh8fVM\/s1600\/DSC00487.JPG\" style=\"margin-left: 1em; margin-right: 1em;\"><img loading=\"lazy\" decoding=\"async\" border=\"0\" height=\"240\" src=\"https:\/\/3.bp.blogspot.com\/-Ok4c8FKzsfg\/VsB-89b4y_I\/AAAAAAAAKvE\/A_J-nuh8fVM\/s320\/DSC00487.JPG\" width=\"320\" \/><\/a><\/div>\n<div style=\"text-align: center;\"><span style=\"font-family: Verdana,sans-serif;\">&nbsp;<\/span><\/div>\n","protected":false},"excerpt":{"rendered":"<p>AQUEST DIVENDRES 12 DE FEBRER VA ARRIBAR LA&nbsp;<br \/>\nVELLA QUARESMA A L&#8217;ESCOLA.<br \/>\nQUAN VAM ARRIBAR DE LA SORTIDA A GUILS VAM TROBAR-LA AMB LES SEVES 7 CAMES I EL BACALL\u00c0 A LA M\u00c0 ESPERANT-NOS.<br \/>\nLI VAM TREURE LA PRIMERA CAMA DESPR\u00c9S DE CANTAR-LI LA SEVA CAN\u00c7\u00d3.&nbsp;<br \/>\nCADA DIVENDRES&hellip;  <a href=\"https:\/\/agora.xtec.cat\/escolabacdecerdanya\/general\/ha-arribat-la-vella-quaresma\/\" title=\"Read HA ARRIBAT LA VELLA QUARESMA!\">Llegeix m\u00e9s\u00bb<\/a><\/p>\n","protected":false},"author":30,"featured_media":0,"comment_status":"open","ping_status":"closed","sticky":false,"template":"","format":"standard","meta":{"_bbp_topic_count":0,"_bbp_reply_count":0,"_bbp_total_topic_count":0,"_bbp_total_reply_count":0,"_bbp_voice_count":0,"_bbp_anonymous_reply_count":0,"_bbp_topic_count_hidden":0,"_bbp_reply_count_hidden":0,"_bbp_forum_subforum_count":0,"footnotes":""},"categories":[1],"tags":[],"class_list":["post-1923","post","type-post","status-publish","format-standard","hentry","category-general"],"post_mailing_queue_ids":[],"_links":{"self":[{"href":"https:\/\/agora.xtec.cat\/escolabacdecerdanya\/wp-json\/wp\/v2\/posts\/1923","targetHints":{"allow":["GET"]}}],"collection":[{"href":"https:\/\/agora.xtec.cat\/escolabacdecerdanya\/wp-json\/wp\/v2\/posts"}],"about":[{"href":"https:\/\/agora.xtec.cat\/escolabacdecerdanya\/wp-json\/wp\/v2\/types\/post"}],"author":[{"embeddable":true,"href":"https:\/\/agora.xtec.cat\/escolabacdecerdanya\/wp-json\/wp\/v2\/users\/30"}],"replies":[{"embeddable":true,"href":"https:\/\/agora.xtec.cat\/escolabacdecerdanya\/wp-json\/wp\/v2\/comments?post=1923"}],"version-history":[{"count":0,"href":"https:\/\/agora.xtec.cat\/escolabacdecerdanya\/wp-json\/wp\/v2\/posts\/1923\/revisions"}],"wp:attachment":[{"href":"https:\/\/agora.xtec.cat\/escolabacdecerdanya\/wp-json\/wp\/v2\/media?parent=1923"}],"wp:term":[{"taxonomy":"category","embeddable":true,"href":"https:\/\/agora.xtec.cat\/escolabacdecerdanya\/wp-json\/wp\/v2\/categories?post=1923"},{"taxonomy":"post_tag","embeddable":true,"href":"https:\/\/agora.xtec.cat\/escolabacdecerdanya\/wp-json\/wp\/v2\/tags?post=1923"}],"curies":[{"name":"wp","href":"https:\/\/api.w.org\/{rel}","templated":true}]}}