{"id":1916,"date":"2016-03-11T14:03:00","date_gmt":"2016-03-11T13:03:00","guid":{"rendered":"http:\/\/agora.xtec.cat\/escolabacdecerdanya\/general\/p5-poema-lestenedor\/"},"modified":"2016-03-11T14:03:00","modified_gmt":"2016-03-11T13:03:00","slug":"p5-poema-lestenedor","status":"publish","type":"post","link":"https:\/\/agora.xtec.cat\/escolabacdecerdanya\/general\/p5-poema-lestenedor\/","title":{"rendered":"P5: POEMA &#8220;L&#8217;ESTENEDOR&#8221;"},"content":{"rendered":"<div style=\"text-align: center;\"><span style=\"font-family: &quot;trebuchet ms&quot; , sans-serif;\">Durant el curs aprenem una dita cada mes, llegim endevinalles i aprenem alguns poemes.<\/span><\/div>\n<div style=\"text-align: center;\"><span style=\"font-family: &quot;trebuchet ms&quot; , sans-serif;\">L&#8217;\u00faltim poema que hem apr\u00e8s \u00e9s &#8220;L&#8217;estenedor&#8221;, un poema il\u00b7lustrat de la Montse Ginesta.<\/span><\/div>\n<div style=\"text-align: center;\"><span style=\"font-family: &quot;trebuchet ms&quot; , sans-serif;\">Per recitar-lo a casa hem fet el nostre estenedor amb roba i l&#8217;osset pobriss\u00f3 est\u00e8s.<\/span><\/div>\n<div style=\"text-align: center;\"><span style=\"font-family: &quot;trebuchet ms&quot; , sans-serif;\">Ens voleu escoltar? <\/span><\/div>\n<div style=\"clear: both; text-align: center;\"><a href=\"https:\/\/2.bp.blogspot.com\/-9gDWmlCpnBI\/VuKzWOAGOPI\/AAAAAAAAK3U\/VdXQcNpkShg1Jl-pnTULIL6dm-k8VOTpQ\/s1600\/DSC00653.JPG\" style=\"margin-left: 1em; margin-right: 1em;\"><img loading=\"lazy\" decoding=\"async\" border=\"0\" height=\"320\" src=\"https:\/\/2.bp.blogspot.com\/-9gDWmlCpnBI\/VuKzWOAGOPI\/AAAAAAAAK3U\/VdXQcNpkShg1Jl-pnTULIL6dm-k8VOTpQ\/s320\/DSC00653.JPG\" width=\"240\" \/><\/a><object id=\"BLOG_video-b7c00bec3e36cfec\" content width=\"320\" height=\"266\"><\/object><\/div>\n<div style=\"text-align: center;\"><\/div>\n","protected":false},"excerpt":{"rendered":"<p>Durant el curs aprenem una dita cada mes, llegim endevinalles i aprenem alguns poemes.<br \/>\nL&#8217;\u00faltim poema que hem apr\u00e8s \u00e9s &#8220;L&#8217;estenedor&#8221;, un poema il\u00b7lustrat de la Montse Ginesta.<br \/>\nPer recitar-lo a casa hem fet el nostre estenedor amb roba i l&#8217;osset pobriss\u00f3 est\u00e8s.<br \/>\nEns voleu escoltar?<br \/>\n<a href=\"https:\/\/2.bp.blogspot.com\/-9gDWmlCpnBI\/VuKzWOAGOPI\/AAAAAAAAK3U\/VdXQcNpkShg1Jl-pnTULIL6dm-k8VOTpQ\/s1600\/DSC00653.JPG\"&hellip;  <a href=\"https:\/\/agora.xtec.cat\/escolabacdecerdanya\/general\/p5-poema-lestenedor\/\" title=\"Read P5: POEMA &#8220;L&#8217;ESTENEDOR&#8221;\">Llegeix m\u00e9s\u00bb<\/a><\/p>\n","protected":false},"author":30,"featured_media":0,"comment_status":"open","ping_status":"closed","sticky":false,"template":"","format":"standard","meta":{"_bbp_topic_count":0,"_bbp_reply_count":0,"_bbp_total_topic_count":0,"_bbp_total_reply_count":0,"_bbp_voice_count":0,"_bbp_anonymous_reply_count":0,"_bbp_topic_count_hidden":0,"_bbp_reply_count_hidden":0,"_bbp_forum_subforum_count":0,"footnotes":""},"categories":[1],"tags":[],"class_list":["post-1916","post","type-post","status-publish","format-standard","hentry","category-general"],"post_mailing_queue_ids":[],"_links":{"self":[{"href":"https:\/\/agora.xtec.cat\/escolabacdecerdanya\/wp-json\/wp\/v2\/posts\/1916","targetHints":{"allow":["GET"]}}],"collection":[{"href":"https:\/\/agora.xtec.cat\/escolabacdecerdanya\/wp-json\/wp\/v2\/posts"}],"about":[{"href":"https:\/\/agora.xtec.cat\/escolabacdecerdanya\/wp-json\/wp\/v2\/types\/post"}],"author":[{"embeddable":true,"href":"https:\/\/agora.xtec.cat\/escolabacdecerdanya\/wp-json\/wp\/v2\/users\/30"}],"replies":[{"embeddable":true,"href":"https:\/\/agora.xtec.cat\/escolabacdecerdanya\/wp-json\/wp\/v2\/comments?post=1916"}],"version-history":[{"count":0,"href":"https:\/\/agora.xtec.cat\/escolabacdecerdanya\/wp-json\/wp\/v2\/posts\/1916\/revisions"}],"wp:attachment":[{"href":"https:\/\/agora.xtec.cat\/escolabacdecerdanya\/wp-json\/wp\/v2\/media?parent=1916"}],"wp:term":[{"taxonomy":"category","embeddable":true,"href":"https:\/\/agora.xtec.cat\/escolabacdecerdanya\/wp-json\/wp\/v2\/categories?post=1916"},{"taxonomy":"post_tag","embeddable":true,"href":"https:\/\/agora.xtec.cat\/escolabacdecerdanya\/wp-json\/wp\/v2\/tags?post=1916"}],"curies":[{"name":"wp","href":"https:\/\/api.w.org\/{rel}","templated":true}]}}