{"id":1902,"date":"2016-06-22T09:34:00","date_gmt":"2016-06-22T07:34:00","guid":{"rendered":"http:\/\/agora.xtec.cat\/escolabacdecerdanya\/general\/p4-vincent-van-gogh\/"},"modified":"2016-06-22T09:34:00","modified_gmt":"2016-06-22T07:34:00","slug":"p4-vincent-van-gogh","status":"publish","type":"post","link":"https:\/\/agora.xtec.cat\/escolabacdecerdanya\/general\/p4-vincent-van-gogh\/","title":{"rendered":"P4: VINCENT VAN GOGH"},"content":{"rendered":"<div style=\"clear: both; text-align: center;\"><a href=\"https:\/\/4.bp.blogspot.com\/-waolUExdqhM\/V2FJ5untVvI\/AAAAAAAALKc\/zY3QWXpFSk8Fibo7dKIgLpyCtMqSr3KVwCLcB\/s1600\/DSC00995.JPG\" style=\"margin-left: 1em; margin-right: 1em;\"><img loading=\"lazy\" decoding=\"async\" border=\"0\" height=\"240\" src=\"https:\/\/4.bp.blogspot.com\/-waolUExdqhM\/V2FJ5untVvI\/AAAAAAAALKc\/zY3QWXpFSk8Fibo7dKIgLpyCtMqSr3KVwCLcB\/s320\/DSC00995.JPG\" width=\"320\" \/><\/a><\/div>\n<p><span style=\"font-family: &quot;trebuchet ms&quot; , sans-serif;\">Aquest any l&#8217;artista que hem treballat a P4 \u00e9s Van Gogh. Un pintor impressionista de tra\u00e7 gruixut que li donava molta import\u00e0ncia al color. Tamb\u00e9 hem estudiat una mica la seva vida.<\/span><\/p>\n<p><\/p>\n<div style=\"clear: both; text-align: center;\"><a href=\"https:\/\/2.bp.blogspot.com\/-lRp34ySCKnA\/V2FJ5iJmZDI\/AAAAAAAALKg\/2k_hFM7OJEggmljGFnorlKMohvwMuPHwwCLcB\/s1600\/DSC00994.JPG\" style=\"margin-left: 1em; margin-right: 1em;\"><img loading=\"lazy\" decoding=\"async\" border=\"0\" height=\"240\" src=\"https:\/\/2.bp.blogspot.com\/-lRp34ySCKnA\/V2FJ5iJmZDI\/AAAAAAAALKg\/2k_hFM7OJEggmljGFnorlKMohvwMuPHwwCLcB\/s320\/DSC00994.JPG\" width=\"320\" \/><\/a><\/div>\n<p><\/p>\n","protected":false},"excerpt":{"rendered":"<p><a href=\"https:\/\/4.bp.blogspot.com\/-waolUExdqhM\/V2FJ5untVvI\/AAAAAAAALKc\/zY3QWXpFSk8Fibo7dKIgLpyCtMqSr3KVwCLcB\/s1600\/DSC00995.JPG\" style=\"margin-left: 1em; margin-right: 1em;\"><\/a><br \/>\nAquest any l&#8217;artista que hem treballat a P4 \u00e9s Van Gogh. Un pintor impressionista de tra\u00e7 gruixut que li donava molta import\u00e0ncia al color. Tamb\u00e9 hem estudiat una mica la seva vida.<\/p>\n<p><a href=\"https:\/\/2.bp.blogspot.com\/-lRp34ySCKnA\/V2FJ5iJmZDI\/AAAAAAAALKg\/2k_hFM7OJEggmljGFnorlKMohvwMuPHwwCLcB\/s1600\/DSC00994.JPG\" style=\"margin-left: 1em; margin-right: 1em;\"><\/a><\/p>\n","protected":false},"author":30,"featured_media":0,"comment_status":"open","ping_status":"closed","sticky":false,"template":"","format":"standard","meta":{"_bbp_topic_count":0,"_bbp_reply_count":0,"_bbp_total_topic_count":0,"_bbp_total_reply_count":0,"_bbp_voice_count":0,"_bbp_anonymous_reply_count":0,"_bbp_topic_count_hidden":0,"_bbp_reply_count_hidden":0,"_bbp_forum_subforum_count":0,"footnotes":""},"categories":[1],"tags":[],"class_list":["post-1902","post","type-post","status-publish","format-standard","hentry","category-general"],"post_mailing_queue_ids":[],"_links":{"self":[{"href":"https:\/\/agora.xtec.cat\/escolabacdecerdanya\/wp-json\/wp\/v2\/posts\/1902","targetHints":{"allow":["GET"]}}],"collection":[{"href":"https:\/\/agora.xtec.cat\/escolabacdecerdanya\/wp-json\/wp\/v2\/posts"}],"about":[{"href":"https:\/\/agora.xtec.cat\/escolabacdecerdanya\/wp-json\/wp\/v2\/types\/post"}],"author":[{"embeddable":true,"href":"https:\/\/agora.xtec.cat\/escolabacdecerdanya\/wp-json\/wp\/v2\/users\/30"}],"replies":[{"embeddable":true,"href":"https:\/\/agora.xtec.cat\/escolabacdecerdanya\/wp-json\/wp\/v2\/comments?post=1902"}],"version-history":[{"count":0,"href":"https:\/\/agora.xtec.cat\/escolabacdecerdanya\/wp-json\/wp\/v2\/posts\/1902\/revisions"}],"wp:attachment":[{"href":"https:\/\/agora.xtec.cat\/escolabacdecerdanya\/wp-json\/wp\/v2\/media?parent=1902"}],"wp:term":[{"taxonomy":"category","embeddable":true,"href":"https:\/\/agora.xtec.cat\/escolabacdecerdanya\/wp-json\/wp\/v2\/categories?post=1902"},{"taxonomy":"post_tag","embeddable":true,"href":"https:\/\/agora.xtec.cat\/escolabacdecerdanya\/wp-json\/wp\/v2\/tags?post=1902"}],"curies":[{"name":"wp","href":"https:\/\/api.w.org\/{rel}","templated":true}]}}