{"id":1884,"date":"2018-11-07T14:48:00","date_gmt":"2018-11-07T13:48:00","guid":{"rendered":"http:\/\/agora.xtec.cat\/escolabacdecerdanya\/general\/moments-de-classe-i-pati-dels-esquirols\/"},"modified":"2018-11-07T14:48:00","modified_gmt":"2018-11-07T13:48:00","slug":"moments-de-classe-i-pati-dels-esquirols","status":"publish","type":"post","link":"https:\/\/agora.xtec.cat\/escolabacdecerdanya\/general\/moments-de-classe-i-pati-dels-esquirols\/","title":{"rendered":"Moments de classe i pati dels Esquirols"},"content":{"rendered":"<p><span style=\"font-size: 16px;\"><span style=\"color: #4c1130; font-family: &quot;courier new&quot; , &quot;courier&quot; , monospace;\">Totes i tots els <a href=\"https:\/\/photos.app.goo.gl\/S7FmciNXkuwKhdMc7\" target=\"_blank\" rel=\"noopener noreferrer\">esquirols <\/a>s&#8217;esforcen molt cada dia i gaudeixen del pati com si cada dia fos el primer! Ens sorprenen del que s\u00f3n capa\u00e7os de fer, d&#8217;aprendre i d&#8217;ensenyar-nos! Perqu\u00e8 una de les coses m\u00e9s boniques de l&#8217;educaci\u00f3, \u00e9s que els mestres i les mestres tamb\u00e9 aprenem d&#8217;ells! ?<\/span><\/span><\/p>\n<div><span style=\"font-size: 16px;\"><span style=\"color: #4c1130; font-family: &quot;courier new&quot; , &quot;courier&quot; , monospace;\"><br \/><\/span><\/span><\/div>\n<div style=\"clear: both; text-align: center;\"><a href=\"https:\/\/photos.app.goo.gl\/S7FmciNXkuwKhdMc7\" target=\"_blank\" rel=\"noopener noreferrer\"><img loading=\"lazy\" decoding=\"async\" border=\"0\" data-original-height=\"1600\" data-original-width=\"1200\" height=\"320\" src=\"https:\/\/2.bp.blogspot.com\/-h2IveCa8-4g\/W-LemkyCotI\/AAAAAAAAMZY\/xITeKtlxtIoVmwkP6XGRwCcyHvhj2UdgwCLcBGAs\/s320\/20180925_153851.jpg\" width=\"240\" \/><\/a><\/div>\n<div><span style=\"font-size: 16px;\"><span style=\"color: #4c1130; font-family: &quot;courier new&quot; , &quot;courier&quot; , monospace;\"><br \/><\/span><\/span><\/div>\n","protected":false},"excerpt":{"rendered":"<p>Totes i tots els <a href=\"https:\/\/photos.app.goo.gl\/S7FmciNXkuwKhdMc7\" target=\"_blank\" rel=\"noopener noreferrer\">esquirols <\/a>s&#8217;esforcen molt cada dia i gaudeixen del pati com si cada dia fos el primer! Ens sorprenen del que s\u00f3n capa\u00e7os de fer, d&#8217;aprendre i d&#8217;ensenyar-nos! Perqu\u00e8 una de les coses m\u00e9s boniques de l&#8217;educaci\u00f3, \u00e9s&hellip;  <a href=\"https:\/\/agora.xtec.cat\/escolabacdecerdanya\/general\/moments-de-classe-i-pati-dels-esquirols\/\" title=\"Read Moments de classe i pati dels Esquirols\">Llegeix m\u00e9s\u00bb<\/a><\/p>\n","protected":false},"author":30,"featured_media":0,"comment_status":"open","ping_status":"closed","sticky":false,"template":"","format":"standard","meta":{"_bbp_topic_count":0,"_bbp_reply_count":0,"_bbp_total_topic_count":0,"_bbp_total_reply_count":0,"_bbp_voice_count":0,"_bbp_anonymous_reply_count":0,"_bbp_topic_count_hidden":0,"_bbp_reply_count_hidden":0,"_bbp_forum_subforum_count":0,"footnotes":""},"categories":[1],"tags":[],"class_list":["post-1884","post","type-post","status-publish","format-standard","hentry","category-general"],"post_mailing_queue_ids":[],"_links":{"self":[{"href":"https:\/\/agora.xtec.cat\/escolabacdecerdanya\/wp-json\/wp\/v2\/posts\/1884","targetHints":{"allow":["GET"]}}],"collection":[{"href":"https:\/\/agora.xtec.cat\/escolabacdecerdanya\/wp-json\/wp\/v2\/posts"}],"about":[{"href":"https:\/\/agora.xtec.cat\/escolabacdecerdanya\/wp-json\/wp\/v2\/types\/post"}],"author":[{"embeddable":true,"href":"https:\/\/agora.xtec.cat\/escolabacdecerdanya\/wp-json\/wp\/v2\/users\/30"}],"replies":[{"embeddable":true,"href":"https:\/\/agora.xtec.cat\/escolabacdecerdanya\/wp-json\/wp\/v2\/comments?post=1884"}],"version-history":[{"count":0,"href":"https:\/\/agora.xtec.cat\/escolabacdecerdanya\/wp-json\/wp\/v2\/posts\/1884\/revisions"}],"wp:attachment":[{"href":"https:\/\/agora.xtec.cat\/escolabacdecerdanya\/wp-json\/wp\/v2\/media?parent=1884"}],"wp:term":[{"taxonomy":"category","embeddable":true,"href":"https:\/\/agora.xtec.cat\/escolabacdecerdanya\/wp-json\/wp\/v2\/categories?post=1884"},{"taxonomy":"post_tag","embeddable":true,"href":"https:\/\/agora.xtec.cat\/escolabacdecerdanya\/wp-json\/wp\/v2\/tags?post=1884"}],"curies":[{"name":"wp","href":"https:\/\/api.w.org\/{rel}","templated":true}]}}