{"id":1874,"date":"2019-06-12T17:20:00","date_gmt":"2019-06-12T15:20:00","guid":{"rendered":""},"modified":"2019-09-10T11:23:27","modified_gmt":"2019-09-10T09:23:27","slug":"1874","status":"publish","type":"post","link":"https:\/\/agora.xtec.cat\/escolabacdecerdanya\/general\/1874\/","title":{"rendered":""},"content":{"rendered":"<div style=\"text-align: center;\"><span style=\"color: #6aa84f; font-family: Arial, Helvetica, sans-serif; font-size: large;\"><b><u>UN ESQUIROL ESPECIAL, EN <a href=\"https:\/\/photos.app.goo.gl\/XimFgGpmPt31FDUH7\" target=\"_blank\" rel=\"noopener noreferrer\">TOSI<\/a>!!!<\/u><\/b><\/span><\/div>\n<div style=\"text-align: center;\"><span style=\"color: #6aa84f; font-family: Arial, Helvetica, sans-serif; font-size: large;\"><b><u><br \/><\/u><\/b><\/span><\/div>\n<div style=\"text-align: justify;\"><span style=\"color: #6aa84f; font-family: Arial, Helvetica, sans-serif; font-size: large;\">Gr\u00e0cies a la mare i al pare d&#8217;en David de P3, que ens van portar a la mascota de l&#8217;hotel de Massella!!!<\/span><\/div>\n<div style=\"text-align: justify;\"><span style=\"color: #6aa84f; font-family: Arial, Helvetica, sans-serif; font-size: large;\">Va ser una sorpresa per a tot infantil!!! No podien parar d&#8217;abra\u00e7ar-lo!! En Tosi va ser molt cariny\u00f3s amb tothom i com \u00e9s tan maco, ens va ensenyar el seu s\u00faper ball amb la can\u00e7\u00f3 HEY BABY (if you&#8217;ll be my girl), i despr\u00e9s no pod\u00edem parar de cantar-la!!&nbsp;&nbsp;<\/span><\/div>\n<div style=\"text-align: justify;\"><span style=\"color: #6aa84f; font-family: Arial, Helvetica, sans-serif; font-size: large;\"><br \/><\/span><\/div>\n<div style=\"text-align: center;\"><span style=\"color: #6aa84f; font-family: Arial, Helvetica, sans-serif; font-size: large;\"><b>MOLTES GR\u00c0CIES A LA PILI I EN JOSE, A EN TOSI I A L&#8217;EQUIP DE L&#8217;HOTEL DE MASSELLA&nbsp;<\/b><\/span><\/div>\n<div style=\"text-align: center;\"><span style=\"color: #6aa84f; font-family: Arial, Helvetica, sans-serif; font-size: large;\"><b>PER LA SORPRESA!!!<\/b><\/span><\/div>\n<div style=\"text-align: center;\"><span style=\"font-family: Arial, Helvetica, sans-serif; font-size: large;\"><br \/><\/span><\/div>\n<div style=\"clear: both; text-align: center;\"><a href=\"https:\/\/photos.app.goo.gl\/XimFgGpmPt31FDUH7\" target=\"_blank\" rel=\"noopener noreferrer\"><img loading=\"lazy\" decoding=\"async\" border=\"0\" data-original-height=\"1200\" data-original-width=\"1600\" height=\"240\" src=\"https:\/\/agora.xtec.cat\/escolabacdecerdanya\/wp-content\/uploads\/usu1753\/2019\/06\/IMG-20190610-WA0015-300x225.jpg\" width=\"320\" \/><\/a><\/div>\n<div style=\"text-align: center;\"><span style=\"font-family: Arial, Helvetica, sans-serif; font-size: large;\"><br \/><\/span><\/div>\n<p><\/p>\n","protected":false},"excerpt":{"rendered":"<p>UN ESQUIROL ESPECIAL, EN <a href=\"https:\/\/photos.app.goo.gl\/XimFgGpmPt31FDUH7\" target=\"_blank\" rel=\"noopener noreferrer\">TOSI<\/a>!!!<\/p>\n<p>Gr\u00e0cies a la mare i al pare d&#8217;en David de P3, que ens van portar a la mascota de l&#8217;hotel de Massella!!!<br \/>\nVa ser una sorpresa per a tot infantil!!! No podien parar d&#8217;abra\u00e7ar-lo!! En Tosi va ser&hellip;  <a href=\"https:\/\/agora.xtec.cat\/escolabacdecerdanya\/general\/1874\/\" title=\"Read \">Llegeix m\u00e9s\u00bb<\/a><\/p>\n","protected":false},"author":30,"featured_media":1982,"comment_status":"open","ping_status":"closed","sticky":false,"template":"","format":"standard","meta":{"_bbp_topic_count":0,"_bbp_reply_count":0,"_bbp_total_topic_count":0,"_bbp_total_reply_count":0,"_bbp_voice_count":0,"_bbp_anonymous_reply_count":0,"_bbp_topic_count_hidden":0,"_bbp_reply_count_hidden":0,"_bbp_forum_subforum_count":0,"footnotes":""},"categories":[1],"tags":[],"class_list":["post-1874","post","type-post","status-publish","format-standard","has-post-thumbnail","hentry","category-general"],"post_mailing_queue_ids":[],"_links":{"self":[{"href":"https:\/\/agora.xtec.cat\/escolabacdecerdanya\/wp-json\/wp\/v2\/posts\/1874","targetHints":{"allow":["GET"]}}],"collection":[{"href":"https:\/\/agora.xtec.cat\/escolabacdecerdanya\/wp-json\/wp\/v2\/posts"}],"about":[{"href":"https:\/\/agora.xtec.cat\/escolabacdecerdanya\/wp-json\/wp\/v2\/types\/post"}],"author":[{"embeddable":true,"href":"https:\/\/agora.xtec.cat\/escolabacdecerdanya\/wp-json\/wp\/v2\/users\/30"}],"replies":[{"embeddable":true,"href":"https:\/\/agora.xtec.cat\/escolabacdecerdanya\/wp-json\/wp\/v2\/comments?post=1874"}],"version-history":[{"count":1,"href":"https:\/\/agora.xtec.cat\/escolabacdecerdanya\/wp-json\/wp\/v2\/posts\/1874\/revisions"}],"predecessor-version":[{"id":1983,"href":"https:\/\/agora.xtec.cat\/escolabacdecerdanya\/wp-json\/wp\/v2\/posts\/1874\/revisions\/1983"}],"wp:featuredmedia":[{"embeddable":true,"href":"https:\/\/agora.xtec.cat\/escolabacdecerdanya\/wp-json\/wp\/v2\/media\/1982"}],"wp:attachment":[{"href":"https:\/\/agora.xtec.cat\/escolabacdecerdanya\/wp-json\/wp\/v2\/media?parent=1874"}],"wp:term":[{"taxonomy":"category","embeddable":true,"href":"https:\/\/agora.xtec.cat\/escolabacdecerdanya\/wp-json\/wp\/v2\/categories?post=1874"},{"taxonomy":"post_tag","embeddable":true,"href":"https:\/\/agora.xtec.cat\/escolabacdecerdanya\/wp-json\/wp\/v2\/tags?post=1874"}],"curies":[{"name":"wp","href":"https:\/\/api.w.org\/{rel}","templated":true}]}}