{"id":1873,"date":"2019-06-14T16:26:00","date_gmt":"2019-06-14T14:26:00","guid":{"rendered":""},"modified":"2019-09-10T11:23:25","modified_gmt":"2019-09-10T09:23:25","slug":"1873","status":"publish","type":"post","link":"https:\/\/agora.xtec.cat\/escolabacdecerdanya\/general\/1873\/","title":{"rendered":""},"content":{"rendered":"<p><u><span style=\"color: #cc0000; font-size: x-large;\">Els Esquirols anem a la Fira&nbsp;<\/span><\/u><u><span style=\"color: #cc0000; font-size: x-large;\">de <a href=\"https:\/\/photos.app.goo.gl\/dDeMCkQB56D6BAa59\" target=\"_blank\" rel=\"noopener noreferrer\">l&#8217;Edat Antiga<\/a> de 5\u00e8<\/span><\/u><u><span style=\"color: #cc0000; font-size: x-large;\"><\/span><\/u><br \/><u><span style=\"color: #cc0000; font-size: x-large;\"><br \/><\/span><\/u><\/p>\n<div style=\"text-align: justify;\"><span style=\"color: #351c75; font-size: x-large;\">Els companys i les companyes de 5\u00e8 ens van convidar a la seva Fira de l&#8217;Edat Antiga!! Ens van explicar costums i caracter\u00edstiques dels Romans, del Grecs i dels Egipcis!! Quina fira m\u00e9s interessant!!! Vam aprendre molt\u00edssimes coses i fins i tot, ens van deixar tocar i veure objectes i llibres caracter\u00edstics de l&#8217;\u00e8poca! GR\u00c0CIES 5\u00e8!<\/span><br \/><span style=\"color: #351c75; font-size: x-large;\"><br \/><\/span><\/div>\n<div style=\"clear: both; text-align: center;\"><u><span style=\"color: #cc0000; font-size: x-large;\"><a href=\"https:\/\/photos.app.goo.gl\/dDeMCkQB56D6BAa59\" target=\"_blank\" rel=\"noopener noreferrer\"><img loading=\"lazy\" decoding=\"async\" border=\"0\" data-original-height=\"900\" data-original-width=\"1600\" height=\"180\" src=\"https:\/\/agora.xtec.cat\/escolabacdecerdanya\/wp-content\/uploads\/usu1753\/2019\/06\/20190613_125503-300x169.jpg\" width=\"320\" \/><\/a><\/span><\/u><\/div>\n","protected":false},"excerpt":{"rendered":"<p>Els Esquirols anem a la Fira&nbsp;de <a href=\"https:\/\/photos.app.goo.gl\/dDeMCkQB56D6BAa59\" target=\"_blank\" rel=\"noopener noreferrer\">l&#8217;Edat Antiga<\/a> de 5\u00e8<br \/>\nEls companys i les companyes de 5\u00e8 ens van convidar a la seva Fira de l&#8217;Edat Antiga!! Ens van explicar costums i caracter\u00edstiques dels Romans, del Grecs i dels Egipcis!! Quina fira&hellip;  <a href=\"https:\/\/agora.xtec.cat\/escolabacdecerdanya\/general\/1873\/\" title=\"Read \">Llegeix m\u00e9s\u00bb<\/a><\/p>\n","protected":false},"author":30,"featured_media":1980,"comment_status":"open","ping_status":"closed","sticky":false,"template":"","format":"standard","meta":{"_bbp_topic_count":0,"_bbp_reply_count":0,"_bbp_total_topic_count":0,"_bbp_total_reply_count":0,"_bbp_voice_count":0,"_bbp_anonymous_reply_count":0,"_bbp_topic_count_hidden":0,"_bbp_reply_count_hidden":0,"_bbp_forum_subforum_count":0,"footnotes":""},"categories":[1],"tags":[],"class_list":["post-1873","post","type-post","status-publish","format-standard","has-post-thumbnail","hentry","category-general"],"post_mailing_queue_ids":[],"_links":{"self":[{"href":"https:\/\/agora.xtec.cat\/escolabacdecerdanya\/wp-json\/wp\/v2\/posts\/1873","targetHints":{"allow":["GET"]}}],"collection":[{"href":"https:\/\/agora.xtec.cat\/escolabacdecerdanya\/wp-json\/wp\/v2\/posts"}],"about":[{"href":"https:\/\/agora.xtec.cat\/escolabacdecerdanya\/wp-json\/wp\/v2\/types\/post"}],"author":[{"embeddable":true,"href":"https:\/\/agora.xtec.cat\/escolabacdecerdanya\/wp-json\/wp\/v2\/users\/30"}],"replies":[{"embeddable":true,"href":"https:\/\/agora.xtec.cat\/escolabacdecerdanya\/wp-json\/wp\/v2\/comments?post=1873"}],"version-history":[{"count":1,"href":"https:\/\/agora.xtec.cat\/escolabacdecerdanya\/wp-json\/wp\/v2\/posts\/1873\/revisions"}],"predecessor-version":[{"id":1981,"href":"https:\/\/agora.xtec.cat\/escolabacdecerdanya\/wp-json\/wp\/v2\/posts\/1873\/revisions\/1981"}],"wp:featuredmedia":[{"embeddable":true,"href":"https:\/\/agora.xtec.cat\/escolabacdecerdanya\/wp-json\/wp\/v2\/media\/1980"}],"wp:attachment":[{"href":"https:\/\/agora.xtec.cat\/escolabacdecerdanya\/wp-json\/wp\/v2\/media?parent=1873"}],"wp:term":[{"taxonomy":"category","embeddable":true,"href":"https:\/\/agora.xtec.cat\/escolabacdecerdanya\/wp-json\/wp\/v2\/categories?post=1873"},{"taxonomy":"post_tag","embeddable":true,"href":"https:\/\/agora.xtec.cat\/escolabacdecerdanya\/wp-json\/wp\/v2\/tags?post=1873"}],"curies":[{"name":"wp","href":"https:\/\/api.w.org\/{rel}","templated":true}]}}