{"id":1871,"date":"2019-06-17T16:31:00","date_gmt":"2019-06-17T14:31:00","guid":{"rendered":""},"modified":"2019-09-10T11:23:23","modified_gmt":"2019-09-10T09:23:23","slug":"jornada-educacio-viaria","status":"publish","type":"post","link":"https:\/\/agora.xtec.cat\/escolabacdecerdanya\/general\/jornada-educacio-viaria\/","title":{"rendered":"JORNADA EDUCACI\u00d3 VI\u00c0RIA"},"content":{"rendered":"<p><\/p>\n<div style=\"text-align: center;\"><span style=\"font-family: Helvetica Neue, Arial, Helvetica, sans-serif; font-size: large;\">INFANTIL GAUDIM DE LA JORNADA D&#8217;<a href=\"https:\/\/photos.app.goo.gl\/FGBfqcj78ydSwmut8\" target=\"_blank\" rel=\"noopener noreferrer\">EDUCACI\u00d3 VI\u00c0RIA<\/a><\/span><\/div>\n<div style=\"text-align: justify;\"><\/div>\n<div style=\"tab-stops: 106.35pt; text-align: justify;\"><span style=\"line-height: 115%;\"><span style=\"font-family: Courier New, Courier, monospace; font-size: large;\">El dimecres 12 de juny vam vindre a l\u2019escola amb les bicicletes i patinet per fer un circuit per tota l\u2019escola.<o:p><\/o:p><\/span><\/span><\/div>\n<div style=\"tab-stops: 106.35pt; text-align: justify;\"><span style=\"line-height: 115%;\"><span style=\"font-family: Courier New, Courier, monospace; font-size: large;\"><br \/><\/span><\/span><\/div>\n<div style=\"tab-stops: 106.35pt; text-align: justify;\"><span style=\"line-height: 115%;\"><span style=\"font-family: Courier New, Courier, monospace; font-size: large;\">Va vindre un gu\u00e0rdia que ens explicava totes les senyals de tr\u00e0nsit que hi havien per no xocar.<o:p><\/o:p><\/span><\/span><\/div>\n<div style=\"tab-stops: 106.35pt; text-align: justify;\"><span style=\"line-height: 115%;\"><span style=\"font-family: Courier New, Courier, monospace; font-size: large;\"><br \/><\/span><\/span><\/div>\n<p><span style=\"text-align: justify;\"><span style=\"font-family: Courier New, Courier, monospace; font-size: large;\">Fins i tot, quan ens salt\u00e0vem alguna senyal ens posaven una multa.<\/span><\/span><br \/><span style=\"text-align: justify;\"><span style=\"font-family: Courier New, Courier, monospace; font-size: large;\">Ho vam passar d\u2019all\u00f2 m\u00e9s b\u00e9.<\/span><\/span><br \/><span style=\"font-size: 20px; text-align: justify;\"><br \/><\/span><\/p>\n<div style=\"clear: both; text-align: center;\"><a href=\"https:\/\/photos.app.goo.gl\/FGBfqcj78ydSwmut8\" target=\"_blank\" rel=\"noopener noreferrer\"><img loading=\"lazy\" decoding=\"async\" border=\"0\" data-original-height=\"1200\" data-original-width=\"1600\" height=\"240\" src=\"https:\/\/agora.xtec.cat\/escolabacdecerdanya\/wp-content\/uploads\/usu1753\/2019\/06\/IMG_5966-300x225.jpg\" width=\"320\" \/><\/a><\/div>\n<p><span style=\"font-size: 20px; text-align: justify;\"><br \/><\/span><\/p>\n","protected":false},"excerpt":{"rendered":"<p>INFANTIL GAUDIM DE LA JORNADA D&#8217;<a href=\"https:\/\/photos.app.goo.gl\/FGBfqcj78ydSwmut8\" target=\"_blank\" rel=\"noopener noreferrer\">EDUCACI\u00d3 VI\u00c0RIA<\/a><\/p>\n<p>El dimecres 12 de juny vam vindre a l\u2019escola amb les bicicletes i patinet per fer un circuit per tota l\u2019escola.<\/p>\n<p>Va vindre un gu\u00e0rdia que ens explicava totes les senyals de tr\u00e0nsit que hi havien&hellip;  <a href=\"https:\/\/agora.xtec.cat\/escolabacdecerdanya\/general\/jornada-educacio-viaria\/\" title=\"Read JORNADA EDUCACI\u00d3 VI\u00c0RIA\">Llegeix m\u00e9s\u00bb<\/a><\/p>\n","protected":false},"author":30,"featured_media":1976,"comment_status":"open","ping_status":"closed","sticky":false,"template":"","format":"standard","meta":{"_bbp_topic_count":0,"_bbp_reply_count":0,"_bbp_total_topic_count":0,"_bbp_total_reply_count":0,"_bbp_voice_count":0,"_bbp_anonymous_reply_count":0,"_bbp_topic_count_hidden":0,"_bbp_reply_count_hidden":0,"_bbp_forum_subforum_count":0,"footnotes":""},"categories":[1],"tags":[],"class_list":["post-1871","post","type-post","status-publish","format-standard","has-post-thumbnail","hentry","category-general"],"post_mailing_queue_ids":[],"_links":{"self":[{"href":"https:\/\/agora.xtec.cat\/escolabacdecerdanya\/wp-json\/wp\/v2\/posts\/1871","targetHints":{"allow":["GET"]}}],"collection":[{"href":"https:\/\/agora.xtec.cat\/escolabacdecerdanya\/wp-json\/wp\/v2\/posts"}],"about":[{"href":"https:\/\/agora.xtec.cat\/escolabacdecerdanya\/wp-json\/wp\/v2\/types\/post"}],"author":[{"embeddable":true,"href":"https:\/\/agora.xtec.cat\/escolabacdecerdanya\/wp-json\/wp\/v2\/users\/30"}],"replies":[{"embeddable":true,"href":"https:\/\/agora.xtec.cat\/escolabacdecerdanya\/wp-json\/wp\/v2\/comments?post=1871"}],"version-history":[{"count":1,"href":"https:\/\/agora.xtec.cat\/escolabacdecerdanya\/wp-json\/wp\/v2\/posts\/1871\/revisions"}],"predecessor-version":[{"id":1977,"href":"https:\/\/agora.xtec.cat\/escolabacdecerdanya\/wp-json\/wp\/v2\/posts\/1871\/revisions\/1977"}],"wp:featuredmedia":[{"embeddable":true,"href":"https:\/\/agora.xtec.cat\/escolabacdecerdanya\/wp-json\/wp\/v2\/media\/1976"}],"wp:attachment":[{"href":"https:\/\/agora.xtec.cat\/escolabacdecerdanya\/wp-json\/wp\/v2\/media?parent=1871"}],"wp:term":[{"taxonomy":"category","embeddable":true,"href":"https:\/\/agora.xtec.cat\/escolabacdecerdanya\/wp-json\/wp\/v2\/categories?post=1871"},{"taxonomy":"post_tag","embeddable":true,"href":"https:\/\/agora.xtec.cat\/escolabacdecerdanya\/wp-json\/wp\/v2\/tags?post=1871"}],"curies":[{"name":"wp","href":"https:\/\/api.w.org\/{rel}","templated":true}]}}