{"id":1869,"date":"2019-06-18T18:08:00","date_gmt":"2019-06-18T16:08:00","guid":{"rendered":""},"modified":"2019-09-10T11:24:41","modified_gmt":"2019-09-10T09:24:41","slug":"que-bons-estan-aquests-gelats","status":"publish","type":"post","link":"https:\/\/agora.xtec.cat\/escolabacdecerdanya\/general\/que-bons-estan-aquests-gelats\/","title":{"rendered":"QU\u00c8 BONS ESTAN AQUESTS GELATS"},"content":{"rendered":"<p><!--[if gte mso 9]><xml> <o:OfficeDocumentSettings>  <o:AllowPNG\/> <\/o:OfficeDocumentSettings><\/xml><![endif]--><\/p>\n<div style=\"line-height: 150%; text-align: center; text-indent: -18pt;\"><span lang=\"CA\" style=\"font-size: 12.0pt; line-height: 150%; mso-ansi-language: CA; mso-ascii-font-family: Calibri; mso-bidi-font-family: Calibri; mso-fareast-font-family: Calibri; mso-hansi-font-family: Calibri;\"><span style=\"mso-list: Ignore;\"><span style=\"font: 7.0pt &quot;Times New Roman&quot;;\"><\/span><\/span><\/span><span style=\"font-family: &quot;Courier New&quot;,Courier,monospace;\"><span style=\"font-size: x-large;\"><span lang=\"CA\" style=\"line-height: 150%;\">QU\u00c8 BONS ESTAN AQUESTS <a href=\"https:\/\/photos.app.goo.gl\/NSF9gH2WgXoGBSZq5\" target=\"_blank\" rel=\"noopener noreferrer\">GELATS<\/a><\/span><\/span><\/span><\/div>\n<div style=\"line-height: 150%; text-align: center; text-indent: -18pt;\"><\/div>\n<div style=\"line-height: 150%; text-align: justify;\"><span style=\"font-family: Georgia,&quot;Times New Roman&quot;,serif;\"><span lang=\"CA\" style=\"font-size: 12pt; line-height: 150%;\">Al mes de maig la classe dels tractors vam tindre un esmorzar molt fresquet. La mare i el pare de la Ivet, que tenen una gelateria a Sant Antoni, vam vindre a la nostra classe a explicar-nos com es fan els gelats ARTESANALS i SALUDABLES. A m\u00e9s a m\u00e9s van portar gelat de Kinder i de maduixes i hem de dir que estaven bon\u00edssim!!!!! <\/span><\/span><\/div>\n<p><span style=\"font-family: Georgia,&quot;Times New Roman&quot;,serif;\"> <\/span><\/p>\n<div style=\"line-height: 150%; text-align: justify;\"><span style=\"font-family: Georgia,&quot;Times New Roman&quot;,serif;\"><span lang=\"CA\" style=\"font-size: 12pt; line-height: 150%;\">Molt\u00edssimes gr\u00e0cies Mireia i \u00d3scar.<\/span><\/span><\/div>\n<div style=\"line-height: 150%; text-align: justify;\"><\/div>\n<div style=\"clear: both; text-align: center;\"><a href=\"https:\/\/photos.app.goo.gl\/NSF9gH2WgXoGBSZq5\" target=\"_blank\" rel=\"noopener noreferrer\"><img loading=\"lazy\" decoding=\"async\" alt=\"https:\/\/photos.app.goo.gl\/NSF9gH2WgXoGBSZq5\" border=\"0\" data-original-height=\"1200\" data-original-width=\"1600\" height=\"240\" src=\"https:\/\/agora.xtec.cat\/escolabacdecerdanya\/wp-content\/uploads\/usu1753\/2019\/06\/IMG_5599-300x225.jpg\" width=\"320\" \/><\/a><\/div>\n<div style=\"line-height: 150%; text-align: justify;\"><\/div>\n","protected":false},"excerpt":{"rendered":"<p>QU\u00c8 BONS ESTAN AQUESTS <a href=\"https:\/\/photos.app.goo.gl\/NSF9gH2WgXoGBSZq5\" target=\"_blank\" rel=\"noopener noreferrer\">GELATS<\/a><\/p>\n<p>Al mes de maig la classe dels tractors vam tindre un esmorzar molt fresquet. La mare i el pare de la Ivet, que tenen una gelateria a Sant Antoni, vam vindre a la nostra classe a explicar-nos&hellip;  <a href=\"https:\/\/agora.xtec.cat\/escolabacdecerdanya\/general\/que-bons-estan-aquests-gelats\/\" title=\"Read QU\u00c8 BONS ESTAN AQUESTS GELATS\">Llegeix m\u00e9s\u00bb<\/a><\/p>\n","protected":false},"author":30,"featured_media":1972,"comment_status":"open","ping_status":"closed","sticky":false,"template":"","format":"standard","meta":{"_bbp_topic_count":0,"_bbp_reply_count":0,"_bbp_total_topic_count":0,"_bbp_total_reply_count":0,"_bbp_voice_count":0,"_bbp_anonymous_reply_count":0,"_bbp_topic_count_hidden":0,"_bbp_reply_count_hidden":0,"_bbp_forum_subforum_count":0,"footnotes":""},"categories":[103,1],"tags":[],"class_list":["post-1869","post","type-post","status-publish","format-standard","has-post-thumbnail","hentry","category-infantil-2","category-general"],"post_mailing_queue_ids":[],"_links":{"self":[{"href":"https:\/\/agora.xtec.cat\/escolabacdecerdanya\/wp-json\/wp\/v2\/posts\/1869","targetHints":{"allow":["GET"]}}],"collection":[{"href":"https:\/\/agora.xtec.cat\/escolabacdecerdanya\/wp-json\/wp\/v2\/posts"}],"about":[{"href":"https:\/\/agora.xtec.cat\/escolabacdecerdanya\/wp-json\/wp\/v2\/types\/post"}],"author":[{"embeddable":true,"href":"https:\/\/agora.xtec.cat\/escolabacdecerdanya\/wp-json\/wp\/v2\/users\/30"}],"replies":[{"embeddable":true,"href":"https:\/\/agora.xtec.cat\/escolabacdecerdanya\/wp-json\/wp\/v2\/comments?post=1869"}],"version-history":[{"count":2,"href":"https:\/\/agora.xtec.cat\/escolabacdecerdanya\/wp-json\/wp\/v2\/posts\/1869\/revisions"}],"predecessor-version":[{"id":2005,"href":"https:\/\/agora.xtec.cat\/escolabacdecerdanya\/wp-json\/wp\/v2\/posts\/1869\/revisions\/2005"}],"wp:featuredmedia":[{"embeddable":true,"href":"https:\/\/agora.xtec.cat\/escolabacdecerdanya\/wp-json\/wp\/v2\/media\/1972"}],"wp:attachment":[{"href":"https:\/\/agora.xtec.cat\/escolabacdecerdanya\/wp-json\/wp\/v2\/media?parent=1869"}],"wp:term":[{"taxonomy":"category","embeddable":true,"href":"https:\/\/agora.xtec.cat\/escolabacdecerdanya\/wp-json\/wp\/v2\/categories?post=1869"},{"taxonomy":"post_tag","embeddable":true,"href":"https:\/\/agora.xtec.cat\/escolabacdecerdanya\/wp-json\/wp\/v2\/tags?post=1869"}],"curies":[{"name":"wp","href":"https:\/\/api.w.org\/{rel}","templated":true}]}}