{"id":1866,"date":"2019-06-26T09:50:00","date_gmt":"2019-06-26T07:50:00","guid":{"rendered":""},"modified":"2019-09-10T11:25:27","modified_gmt":"2019-09-10T09:25:27","slug":"p-4-lhora-del-conte","status":"publish","type":"post","link":"https:\/\/agora.xtec.cat\/escolabacdecerdanya\/infantil-2\/p-4-lhora-del-conte\/","title":{"rendered":"P-4 L&#8217;HORA DEL CONTE"},"content":{"rendered":"<p><\/p>\n<div style=\"line-height: 150%; text-align: center;\"><span lang=\"CA\" style=\"line-height: 150%;\"><span style=\"font-family: Courier New, Courier, monospace; font-size: x-large;\">P-4 L&#8217;<a href=\"https:\/\/photos.app.goo.gl\/SQEc5isEDgYSiQ4F9\" target=\"_blank\" rel=\"noopener noreferrer\">HORA DEL CONTE<\/a><\/span><\/span><\/div>\n<div style=\"line-height: 150%; text-align: justify;\"><span lang=\"CA\" style=\"font-family: &quot;Arial&quot;,&quot;sans-serif&quot;; font-size: 12.0pt; line-height: 150%; mso-ansi-language: CA;\"><br \/><\/span><\/div>\n<div style=\"line-height: 150%; text-align: justify;\"><span lang=\"CA\" style=\"font-size: 12pt; line-height: 150%;\"><span style=\"font-family: Verdana, sans-serif;\">Durant tot l\u2019\u00faltim trimestre la classe dels tractors hem fet \u201cL\u2019hora del conte\u201d on cadasc\u00fa va explicar a la resta de companys i companyes el seu conte preferit. Alguns es disfressaren, altres van fer titelles, altres van fer part\u00edcips seus amics de la hist\u00f2ria i tamb\u00e9 van portar el conte per ensenyar-lo i poder compartir-ho amb tothom.<o:p><\/o:p><\/span><\/span><\/div>\n<div style=\"line-height: 150%; text-align: justify;\"><span lang=\"CA\" style=\"font-size: 12pt; line-height: 150%;\"><span style=\"font-family: Verdana, sans-serif;\">Tots i totes ho han fet super b\u00e9!! <\/span><span style=\"font-family: Arial, sans-serif;\"><o:p><\/o:p><\/span><\/span><\/div>\n<div style=\"line-height: 150%; text-align: justify;\"><span lang=\"CA\" style=\"font-size: 12pt; line-height: 150%;\"><span style=\"font-family: Verdana, sans-serif;\"><br \/><\/span><\/span><\/div>\n<div style=\"clear: both; text-align: center;\"><a href=\"https:\/\/photos.app.goo.gl\/SQEc5isEDgYSiQ4F9\" target=\"_blank\" rel=\"noopener noreferrer\"><img loading=\"lazy\" decoding=\"async\" border=\"0\" data-original-height=\"1200\" data-original-width=\"1600\" height=\"240\" src=\"https:\/\/agora.xtec.cat\/escolabacdecerdanya\/wp-content\/uploads\/usu1753\/2019\/06\/IMG_5578-300x225.jpg\" width=\"320\" \/><\/a><\/div>\n<div style=\"line-height: 150%; text-align: justify;\"><span lang=\"CA\" style=\"font-size: 12pt; line-height: 150%;\"><span style=\"font-family: Verdana, sans-serif;\"><br \/><\/span><\/span><\/div>\n<p><\/p>\n","protected":false},"excerpt":{"rendered":"<p>P-4 L&#8217;<a href=\"https:\/\/photos.app.goo.gl\/SQEc5isEDgYSiQ4F9\" target=\"_blank\" rel=\"noopener noreferrer\">HORA DEL CONTE<\/a><\/p>\n<p>Durant tot l\u2019\u00faltim trimestre la classe dels tractors hem fet \u201cL\u2019hora del conte\u201d on cadasc\u00fa va explicar a la resta de companys i companyes el seu conte preferit. Alguns es disfressaren, altres van fer titelles, altres van fer&hellip;  <a href=\"https:\/\/agora.xtec.cat\/escolabacdecerdanya\/infantil-2\/p-4-lhora-del-conte\/\" title=\"Read P-4 L&#8217;HORA DEL CONTE\">Llegeix m\u00e9s\u00bb<\/a><\/p>\n","protected":false},"author":30,"featured_media":1966,"comment_status":"open","ping_status":"closed","sticky":false,"template":"","format":"standard","meta":{"_bbp_topic_count":0,"_bbp_reply_count":0,"_bbp_total_topic_count":0,"_bbp_total_reply_count":0,"_bbp_voice_count":0,"_bbp_anonymous_reply_count":0,"_bbp_topic_count_hidden":0,"_bbp_reply_count_hidden":0,"_bbp_forum_subforum_count":0,"footnotes":""},"categories":[103],"tags":[],"class_list":["post-1866","post","type-post","status-publish","format-standard","has-post-thumbnail","hentry","category-infantil-2"],"post_mailing_queue_ids":[],"_links":{"self":[{"href":"https:\/\/agora.xtec.cat\/escolabacdecerdanya\/wp-json\/wp\/v2\/posts\/1866","targetHints":{"allow":["GET"]}}],"collection":[{"href":"https:\/\/agora.xtec.cat\/escolabacdecerdanya\/wp-json\/wp\/v2\/posts"}],"about":[{"href":"https:\/\/agora.xtec.cat\/escolabacdecerdanya\/wp-json\/wp\/v2\/types\/post"}],"author":[{"embeddable":true,"href":"https:\/\/agora.xtec.cat\/escolabacdecerdanya\/wp-json\/wp\/v2\/users\/30"}],"replies":[{"embeddable":true,"href":"https:\/\/agora.xtec.cat\/escolabacdecerdanya\/wp-json\/wp\/v2\/comments?post=1866"}],"version-history":[{"count":2,"href":"https:\/\/agora.xtec.cat\/escolabacdecerdanya\/wp-json\/wp\/v2\/posts\/1866\/revisions"}],"predecessor-version":[{"id":2002,"href":"https:\/\/agora.xtec.cat\/escolabacdecerdanya\/wp-json\/wp\/v2\/posts\/1866\/revisions\/2002"}],"wp:featuredmedia":[{"embeddable":true,"href":"https:\/\/agora.xtec.cat\/escolabacdecerdanya\/wp-json\/wp\/v2\/media\/1966"}],"wp:attachment":[{"href":"https:\/\/agora.xtec.cat\/escolabacdecerdanya\/wp-json\/wp\/v2\/media?parent=1866"}],"wp:term":[{"taxonomy":"category","embeddable":true,"href":"https:\/\/agora.xtec.cat\/escolabacdecerdanya\/wp-json\/wp\/v2\/categories?post=1866"},{"taxonomy":"post_tag","embeddable":true,"href":"https:\/\/agora.xtec.cat\/escolabacdecerdanya\/wp-json\/wp\/v2\/tags?post=1866"}],"curies":[{"name":"wp","href":"https:\/\/api.w.org\/{rel}","templated":true}]}}