{"id":1864,"date":"2019-06-26T10:10:00","date_gmt":"2019-06-26T08:10:00","guid":{"rendered":""},"modified":"2019-09-10T11:25:11","modified_gmt":"2019-09-10T09:25:11","slug":"p-4-photocall","status":"publish","type":"post","link":"https:\/\/agora.xtec.cat\/escolabacdecerdanya\/infantil-2\/p-4-photocall\/","title":{"rendered":"P-4 PHOTOCALL"},"content":{"rendered":"<div style=\"text-align: center;\"><span style=\"font-family: Courier New, Courier, monospace; font-size: x-large;\"><a href=\"https:\/\/photos.app.goo.gl\/dGf5tVzhuwdi5qgm7\" target=\"_blank\" rel=\"noopener noreferrer\">P-4 PHOTOCALL<\/a><\/span><\/div>\n<p><span style=\"color: #666666; font-size: 16px;\"><span style=\"font-family: Helvetica Neue, Arial, Helvetica, sans-serif;\">L&#8217;alumnat de P-4 gaudim d&#8217;una sessi\u00f3 fotogr\u00e0fica molt calorosa on ho vam passar d&#8217;all\u00f2 m\u00e9s b\u00e9!!<\/span><\/span><br style=\"color: #666666; font-family: &quot;Open Sans&quot;, Helvetica, Arial, sans-serif; font-size: 16px;\" \/><\/p>\n<div style=\"text-align: center;\"><span style=\"color: #666666; font-family: &quot;Courier New&quot;, Courier, monospace; font-size: x-large;\">BON ESTIU FAM\u00cdLIES!!<\/span><\/div>\n<div style=\"clear: both; text-align: center;\"><a href=\"https:\/\/photos.app.goo.gl\/dGf5tVzhuwdi5qgm7\" target=\"_blank\" rel=\"noopener noreferrer\"><img loading=\"lazy\" decoding=\"async\" border=\"0\" data-original-height=\"1200\" data-original-width=\"1600\" height=\"240\" src=\"https:\/\/agora.xtec.cat\/escolabacdecerdanya\/wp-content\/uploads\/usu1753\/2019\/06\/IMG_6345-300x225.jpg\" width=\"320\" \/><\/a><\/div>\n<div style=\"text-align: center;\"><span style=\"color: #666666; font-family: &quot;Courier New&quot;, Courier, monospace; font-size: x-large;\"><br \/><\/span><\/div>\n","protected":false},"excerpt":{"rendered":"<p><a href=\"https:\/\/photos.app.goo.gl\/dGf5tVzhuwdi5qgm7\" target=\"_blank\" rel=\"noopener noreferrer\">P-4 PHOTOCALL<\/a><br \/>\nL&#8217;alumnat de P-4 gaudim d&#8217;una sessi\u00f3 fotogr\u00e0fica molt calorosa on ho vam passar d&#8217;all\u00f2 m\u00e9s b\u00e9!!<br \/>\nBON ESTIU FAM\u00cdLIES!!<br \/>\n<a href=\"https:\/\/photos.app.goo.gl\/dGf5tVzhuwdi5qgm7\" target=\"_blank\" rel=\"noopener noreferrer\"><\/a><\/p>\n","protected":false},"author":30,"featured_media":1962,"comment_status":"open","ping_status":"closed","sticky":false,"template":"","format":"standard","meta":{"_bbp_topic_count":0,"_bbp_reply_count":0,"_bbp_total_topic_count":0,"_bbp_total_reply_count":0,"_bbp_voice_count":0,"_bbp_anonymous_reply_count":0,"_bbp_topic_count_hidden":0,"_bbp_reply_count_hidden":0,"_bbp_forum_subforum_count":0,"footnotes":""},"categories":[103],"tags":[],"class_list":["post-1864","post","type-post","status-publish","format-standard","has-post-thumbnail","hentry","category-infantil-2"],"post_mailing_queue_ids":[],"_links":{"self":[{"href":"https:\/\/agora.xtec.cat\/escolabacdecerdanya\/wp-json\/wp\/v2\/posts\/1864","targetHints":{"allow":["GET"]}}],"collection":[{"href":"https:\/\/agora.xtec.cat\/escolabacdecerdanya\/wp-json\/wp\/v2\/posts"}],"about":[{"href":"https:\/\/agora.xtec.cat\/escolabacdecerdanya\/wp-json\/wp\/v2\/types\/post"}],"author":[{"embeddable":true,"href":"https:\/\/agora.xtec.cat\/escolabacdecerdanya\/wp-json\/wp\/v2\/users\/30"}],"replies":[{"embeddable":true,"href":"https:\/\/agora.xtec.cat\/escolabacdecerdanya\/wp-json\/wp\/v2\/comments?post=1864"}],"version-history":[{"count":2,"href":"https:\/\/agora.xtec.cat\/escolabacdecerdanya\/wp-json\/wp\/v2\/posts\/1864\/revisions"}],"predecessor-version":[{"id":2000,"href":"https:\/\/agora.xtec.cat\/escolabacdecerdanya\/wp-json\/wp\/v2\/posts\/1864\/revisions\/2000"}],"wp:featuredmedia":[{"embeddable":true,"href":"https:\/\/agora.xtec.cat\/escolabacdecerdanya\/wp-json\/wp\/v2\/media\/1962"}],"wp:attachment":[{"href":"https:\/\/agora.xtec.cat\/escolabacdecerdanya\/wp-json\/wp\/v2\/media?parent=1864"}],"wp:term":[{"taxonomy":"category","embeddable":true,"href":"https:\/\/agora.xtec.cat\/escolabacdecerdanya\/wp-json\/wp\/v2\/categories?post=1864"},{"taxonomy":"post_tag","embeddable":true,"href":"https:\/\/agora.xtec.cat\/escolabacdecerdanya\/wp-json\/wp\/v2\/tags?post=1864"}],"curies":[{"name":"wp","href":"https:\/\/api.w.org\/{rel}","templated":true}]}}