{"id":1863,"date":"2019-06-26T11:10:00","date_gmt":"2019-06-26T09:10:00","guid":{"rendered":""},"modified":"2019-09-10T11:25:05","modified_gmt":"2019-09-10T09:25:05","slug":"1863","status":"publish","type":"post","link":"https:\/\/agora.xtec.cat\/escolabacdecerdanya\/infantil-2\/1863\/","title":{"rendered":""},"content":{"rendered":"<p><\/p>\n<div style=\"text-align: center;\"><span style=\"color: #20124d; font-family: &quot;helvetica neue&quot; , &quot;arial&quot; , &quot;helvetica&quot; , sans-serif; font-size: x-large;\"><u><b><a href=\"https:\/\/photos.app.goo.gl\/Cawh3osTvSGy3opd9\" target=\"_blank\" rel=\"noopener noreferrer\">\u00daLTIMS DIES<\/a> DE&nbsp;<span style=\"background-image: url(&quot;..\/..\/..\/..\/..\/images\/squiggle_red.png&quot;); background-position: left bottom; background-repeat: repeat-x; cursor: default; padding-bottom: 2px;\">COLE A P3<\/span>!!!<\/b><\/u><\/span><\/div>\n<p><span style=\"color: #990000;\"><\/span><\/p>\n<div style=\"text-align: center;\"><span style=\"color: #990000; font-family: &quot;helvetica neue&quot;, arial, helvetica, sans-serif; font-size: 16px;\">Quina setmana de nervis, expectatives, fotos, selfies, emocions i&nbsp;esveraments<\/span><span style=\"background-position: left bottom; background-repeat: repeat-x; color: #990000; cursor: default; font-family: &quot;helvetica neue&quot;, arial, helvetica, sans-serif; font-size: 16px; padding-bottom: 2px;\">! jajajaja<\/span><span style=\"color: #990000; font-family: &quot;helvetica neue&quot;, arial, helvetica, sans-serif; font-size: 16px;\">!!<\/span><\/div>\n<p><span style=\"color: #990000;\"><span style=\"font-family: &quot;helvetica neue&quot; , &quot;arial&quot; , &quot;helvetica&quot; , sans-serif;\"><span style=\"font-size: 16px;\"><\/span><\/span><\/span><\/p>\n<div style=\"text-align: center;\"><span style=\"color: #990000; font-family: &quot;helvetica neue&quot;, arial, helvetica, sans-serif; font-size: 16px;\">Fa molts dies que fem la conta&nbsp;enrere&nbsp;i per fi&nbsp;ha&nbsp;arribat!!!<\/span><\/div>\n<p><span style=\"color: #990000;\"><span style=\"font-family: &quot;helvetica neue&quot; , &quot;arial&quot; , &quot;helvetica&quot; , sans-serif; font-size: 16px;\"><\/span><\/span><\/p>\n<div style=\"text-align: center;\"><span style=\"color: #990000; font-family: &quot;helvetica neue&quot;, arial, helvetica, sans-serif; font-size: 16px;\">Durant l&#8217;\u00faltima setmana, cada&nbsp;dia&nbsp;era una aventura amb alguna sorpresa!! I com no, l&#8217;\u00faltim dia va ser&nbsp;<\/span><span style=\"background-position: left bottom; background-repeat: repeat-x; color: #990000; cursor: default; font-family: &quot;helvetica neue&quot;, arial, helvetica, sans-serif; font-size: 16px; padding-bottom: 2px;\">xul\u00edssim<\/span><span style=\"color: #990000; font-family: &quot;helvetica neue&quot;, arial, helvetica, sans-serif; font-size: 16px;\">&nbsp;amb els jocs de fusta, les actuacions de 6\u00e8, el seu comiat, el&nbsp;<\/span><span style=\"background-position: left bottom; background-repeat: repeat-x; color: #990000; cursor: default; font-family: &quot;helvetica neue&quot;, arial, helvetica, sans-serif; font-size: 16px; padding-bottom: 2px;\">dinaret<\/span><span style=\"color: #990000; font-family: &quot;helvetica neue&quot;, arial, helvetica, sans-serif; font-size: 16px;\">&nbsp;de grup i sobretot, les emocions que aquell&nbsp;dia&nbsp;vam viure tots plegats. Emocions que les guardarem per sempre!<\/span><\/div>\n<p><span style=\"color: #990000;\"><span style=\"font-family: &quot;helvetica neue&quot; , &quot;arial&quot; , &quot;helvetica&quot; , sans-serif; font-size: 16px;\"><\/span><\/p>\n<div style=\"text-align: center;\"><span style=\"font-family: &quot;helvetica neue&quot; , &quot;arial&quot; , &quot;helvetica&quot; , sans-serif;\"><br \/><\/span><\/div>\n<p><span style=\"font-size: 16px;\"><\/p>\n<div style=\"text-align: center;\"><b><span style=\"font-family: &quot;helvetica neue&quot; , &quot;arial&quot; , &quot;helvetica&quot; , sans-serif;\">GR\u00c0CIES DE TOT COR PER CADA ABRA\u00c7ADA, SOMRIURE I PET\u00d3!!&nbsp;<\/span><\/b><\/div>\n<div style=\"text-align: center;\"><b><span style=\"font-family: &quot;helvetica neue&quot; , &quot;arial&quot; , &quot;helvetica&quot; , sans-serif;\">US ESTIMO&nbsp;<span style=\"background-image: url(&quot;..\/..\/..\/..\/..\/images\/squiggle_red.png&quot;); background-position: left bottom; background-repeat: repeat-x; cursor: default; padding-bottom: 2px;\">FAM\u00cdLIES<\/span>&nbsp;I ESQUIROLS!<\/span><span style=\"font-family: &quot;courier new&quot; , &quot;courier&quot; , monospace;\">!<\/span><\/b><\/div>\n<div style=\"font-family: &quot;open sans&quot;, helvetica, arial, sans-serif; text-align: center;\"><\/div>\n<div style=\"font-family: &quot;open sans&quot;, helvetica, arial, sans-serif; text-align: center;\">\n<div style=\"clear: both; text-align: center;\"><a href=\"https:\/\/photos.app.goo.gl\/Cawh3osTvSGy3opd9\" target=\"_blank\" rel=\"noopener noreferrer\"><img loading=\"lazy\" decoding=\"async\" border=\"0\" data-original-height=\"900\" data-original-width=\"1600\" height=\"180\" src=\"https:\/\/agora.xtec.cat\/escolabacdecerdanya\/wp-content\/uploads\/usu1753\/2019\/06\/20190621_114917-300x169.jpg\" width=\"320\" \/><\/a><\/div>\n<p><\/div>\n<div style=\"font-family: &quot;open sans&quot;, helvetica, arial, sans-serif; text-align: center;\"><\/div>\n<p><\/span><\/span><\/p>\n","protected":false},"excerpt":{"rendered":"<p><a href=\"https:\/\/photos.app.goo.gl\/Cawh3osTvSGy3opd9\" target=\"_blank\" rel=\"noopener noreferrer\">\u00daLTIMS DIES<\/a> DE&nbsp;COLE A P3!!!<\/p>\n<p>Quina setmana de nervis, expectatives, fotos, selfies, emocions i&nbsp;esveraments! jajajaja!!<\/p>\n<p>Fa molts dies que fem la conta&nbsp;enrere&nbsp;i per fi&nbsp;ha&nbsp;arribat!!!<\/p>\n<p>Durant l&#8217;\u00faltima setmana, cada&nbsp;dia&nbsp;era una aventura amb alguna sorpresa!! I com no, l&#8217;\u00faltim dia va ser&nbsp;xul\u00edssim&nbsp;amb els jocs de fusta,&hellip;  <a href=\"https:\/\/agora.xtec.cat\/escolabacdecerdanya\/infantil-2\/1863\/\" title=\"Read \">Llegeix m\u00e9s\u00bb<\/a><\/p>\n","protected":false},"author":30,"featured_media":1960,"comment_status":"open","ping_status":"closed","sticky":false,"template":"","format":"standard","meta":{"_bbp_topic_count":0,"_bbp_reply_count":0,"_bbp_total_topic_count":0,"_bbp_total_reply_count":0,"_bbp_voice_count":0,"_bbp_anonymous_reply_count":0,"_bbp_topic_count_hidden":0,"_bbp_reply_count_hidden":0,"_bbp_forum_subforum_count":0,"footnotes":""},"categories":[103],"tags":[],"class_list":["post-1863","post","type-post","status-publish","format-standard","has-post-thumbnail","hentry","category-infantil-2"],"post_mailing_queue_ids":[],"_links":{"self":[{"href":"https:\/\/agora.xtec.cat\/escolabacdecerdanya\/wp-json\/wp\/v2\/posts\/1863","targetHints":{"allow":["GET"]}}],"collection":[{"href":"https:\/\/agora.xtec.cat\/escolabacdecerdanya\/wp-json\/wp\/v2\/posts"}],"about":[{"href":"https:\/\/agora.xtec.cat\/escolabacdecerdanya\/wp-json\/wp\/v2\/types\/post"}],"author":[{"embeddable":true,"href":"https:\/\/agora.xtec.cat\/escolabacdecerdanya\/wp-json\/wp\/v2\/users\/30"}],"replies":[{"embeddable":true,"href":"https:\/\/agora.xtec.cat\/escolabacdecerdanya\/wp-json\/wp\/v2\/comments?post=1863"}],"version-history":[{"count":2,"href":"https:\/\/agora.xtec.cat\/escolabacdecerdanya\/wp-json\/wp\/v2\/posts\/1863\/revisions"}],"predecessor-version":[{"id":1999,"href":"https:\/\/agora.xtec.cat\/escolabacdecerdanya\/wp-json\/wp\/v2\/posts\/1863\/revisions\/1999"}],"wp:featuredmedia":[{"embeddable":true,"href":"https:\/\/agora.xtec.cat\/escolabacdecerdanya\/wp-json\/wp\/v2\/media\/1960"}],"wp:attachment":[{"href":"https:\/\/agora.xtec.cat\/escolabacdecerdanya\/wp-json\/wp\/v2\/media?parent=1863"}],"wp:term":[{"taxonomy":"category","embeddable":true,"href":"https:\/\/agora.xtec.cat\/escolabacdecerdanya\/wp-json\/wp\/v2\/categories?post=1863"},{"taxonomy":"post_tag","embeddable":true,"href":"https:\/\/agora.xtec.cat\/escolabacdecerdanya\/wp-json\/wp\/v2\/tags?post=1863"}],"curies":[{"name":"wp","href":"https:\/\/api.w.org\/{rel}","templated":true}]}}