{"id":1819,"date":"2016-04-21T15:33:00","date_gmt":"2016-04-21T13:33:00","guid":{"rendered":""},"modified":"2019-09-09T23:25:42","modified_gmt":"2019-09-09T21:25:42","slug":"jornada-desport-adaptat","status":"publish","type":"post","link":"https:\/\/agora.xtec.cat\/escolabacdecerdanya\/educacio-fisica\/jornada-desport-adaptat\/","title":{"rendered":"JORNADA D&#8217;ESPORT ADAPTAT"},"content":{"rendered":"<div style=\"text-align: justify;\"><span lang=\"CA\"><span style=\"font-family: &quot;trebuchet ms&quot; , sans-serif;\">Els alumnes de cicle mitj\u00e0, han tingut l\u2019oportunitat d\u2019aprendre i practicar <span style=\"color: #cc0000;\"><b>esports adaptats<\/b><\/span>.&nbsp;<\/span><\/span><\/div>\n<div style=\"text-align: justify;\"><span lang=\"CA\"><span style=\"font-family: &quot;trebuchet ms&quot; , sans-serif;\">Sovint partim de la base que les persones que pateixen algun tipus de discapacitat no poden realitzar activitat f\u00edsica, per\u00f2 la realitat \u00e9s ben diferent. Cal pensar que tots tenim capacitats per fer moltes coses i potser menys capacitats per fer-ne d\u2019altres. <o:p><\/o:p><\/span><\/span><\/div>\n<div style=\"text-align: justify;\"><span style=\"font-family: &quot;trebuchet ms&quot; , sans-serif;\"><span lang=\"CA\">La filosofia de l\u2019esport adaptat \u00e9s introduir el m\u00ednim de modificacions possibles a les pr\u00e0ctiques esportives per tal que les puguin realitzar el m\u00e0xim de persones. <\/span><span lang=\"CA\">&nbsp;<\/span><span lang=\"ES-TRAD\"><o:p><\/o:p><\/span><\/span><\/div>\n<div style=\"text-align: justify;\"><span lang=\"CA\"><span style=\"font-family: &quot;trebuchet ms&quot; , sans-serif;\">Cal pensar que valors de l\u2019esport com la <b><span style=\"color: #38761d;\">pertinen\u00e7a a un grup<\/span><\/b> o l\u2019<span style=\"color: blue;\"><b><span style=\"color: #0b5394;\">esperit de superaci\u00f3<\/span><\/b> <\/span>s\u00f3n imprescindibles per a millorar la qualitat de vida de <i>persones amb altres capacitats.<\/i><o:p><\/o:p><\/span><\/span><\/div>\n<div style=\"text-align: justify;\"><span lang=\"CA\"><span style=\"font-family: &quot;trebuchet ms&quot; , sans-serif;\"><span style=\"font-family: &quot;trebuchet ms&quot; , sans-serif;\">Us deixem l\u2019enlla\u00e7 de l\u2019empresa que ens ha fet la jornada: <a href=\"http:\/\/www.activatsab.cat\/\">www.activatsab.cat<\/a><\/span><span style=\"font-family: &quot;trebuchet ms&quot; , sans-serif;\"><o:p><\/o:p><\/span><\/span><\/span><\/div>\n<p><\/p>\n<div style=\"text-align: center;\">\n<div style=\"text-align: left;\">\n<div style=\"text-align: center;\">\n<div style=\"text-align: left;\"><span lang=\"CA\"><span style=\"font-family: &quot;georgia&quot; , &quot;times new roman&quot; , serif; font-size: xx-small;\"><i><span style=\"font-size: x-small;\">Cliqueu les<\/span><span style=\"font-size: large;\"><span style=\"font-size: xx-small;\"> <\/span><a href=\"https:\/\/photos.google.com\/share\/AF1QipPgISmyDBJ4rpUJkMNv80b398rsZQIaGiv1yYSpHBdHkLVjD4QaA3R9fM6Gc3A6Og?key=Q0RCZDVQYlh2WE1xQjgxeHg3UHVITE40REFELTFB\"><b>imatges<\/b><\/a><\/span><span style=\"font-size: x-small;\"> seg\u00fcents per veure com ha anat la jornada!<\/span><\/i><\/span><o:p><\/o:p><\/span><\/div>\n<\/div>\n<\/div>\n<\/div>\n<div style=\"text-align: justify;\"><a href=\"https:\/\/goo.gl\/photos\/RSMQEuo3kDjgBYWn6\"><img loading=\"lazy\" decoding=\"async\" border=\"0\" height=\"71\" src=\"https:\/\/agora.xtec.cat\/escolabacdecerdanya\/wp-content\/uploads\/usu1753\/2016\/04\/10-300x54.png\" width=\"400\" \/><\/a><\/div>\n","protected":false},"excerpt":{"rendered":"<p>Els alumnes de cicle mitj\u00e0, han tingut l\u2019oportunitat d\u2019aprendre i practicar esports adaptats.&nbsp;<br \/>\nSovint partim de la base que les persones que pateixen algun tipus de discapacitat no poden realitzar activitat f\u00edsica, per\u00f2 la realitat \u00e9s ben diferent. Cal pensar que tots tenim capacitats per fer&hellip;  <a href=\"https:\/\/agora.xtec.cat\/escolabacdecerdanya\/educacio-fisica\/jornada-desport-adaptat\/\" title=\"Read JORNADA D&#8217;ESPORT ADAPTAT\">Llegeix m\u00e9s\u00bb<\/a><\/p>\n","protected":false},"author":11,"featured_media":1827,"comment_status":"open","ping_status":"closed","sticky":false,"template":"","format":"standard","meta":{"_bbp_topic_count":0,"_bbp_reply_count":0,"_bbp_total_topic_count":0,"_bbp_total_reply_count":0,"_bbp_voice_count":0,"_bbp_anonymous_reply_count":0,"_bbp_topic_count_hidden":0,"_bbp_reply_count_hidden":0,"_bbp_forum_subforum_count":0,"footnotes":""},"categories":[157,143],"tags":[],"class_list":["post-1819","post","type-post","status-publish","format-standard","has-post-thumbnail","hentry","category-educacio-especial","category-educacio-fisica"],"post_mailing_queue_ids":[],"_links":{"self":[{"href":"https:\/\/agora.xtec.cat\/escolabacdecerdanya\/wp-json\/wp\/v2\/posts\/1819","targetHints":{"allow":["GET"]}}],"collection":[{"href":"https:\/\/agora.xtec.cat\/escolabacdecerdanya\/wp-json\/wp\/v2\/posts"}],"about":[{"href":"https:\/\/agora.xtec.cat\/escolabacdecerdanya\/wp-json\/wp\/v2\/types\/post"}],"author":[{"embeddable":true,"href":"https:\/\/agora.xtec.cat\/escolabacdecerdanya\/wp-json\/wp\/v2\/users\/11"}],"replies":[{"embeddable":true,"href":"https:\/\/agora.xtec.cat\/escolabacdecerdanya\/wp-json\/wp\/v2\/comments?post=1819"}],"version-history":[{"count":2,"href":"https:\/\/agora.xtec.cat\/escolabacdecerdanya\/wp-json\/wp\/v2\/posts\/1819\/revisions"}],"predecessor-version":[{"id":1841,"href":"https:\/\/agora.xtec.cat\/escolabacdecerdanya\/wp-json\/wp\/v2\/posts\/1819\/revisions\/1841"}],"wp:featuredmedia":[{"embeddable":true,"href":"https:\/\/agora.xtec.cat\/escolabacdecerdanya\/wp-json\/wp\/v2\/media\/1827"}],"wp:attachment":[{"href":"https:\/\/agora.xtec.cat\/escolabacdecerdanya\/wp-json\/wp\/v2\/media?parent=1819"}],"wp:term":[{"taxonomy":"category","embeddable":true,"href":"https:\/\/agora.xtec.cat\/escolabacdecerdanya\/wp-json\/wp\/v2\/categories?post=1819"},{"taxonomy":"post_tag","embeddable":true,"href":"https:\/\/agora.xtec.cat\/escolabacdecerdanya\/wp-json\/wp\/v2\/tags?post=1819"}],"curies":[{"name":"wp","href":"https:\/\/api.w.org\/{rel}","templated":true}]}}