{"id":1778,"date":"2017-05-29T10:31:00","date_gmt":"2017-05-29T08:31:00","guid":{"rendered":""},"modified":"2019-09-09T23:18:31","modified_gmt":"2019-09-09T21:18:31","slug":"dia-de-les-llengues-2017-2","status":"publish","type":"post","link":"https:\/\/agora.xtec.cat\/escolabacdecerdanya\/cicle-superior\/dia-de-les-llengues-2017-2\/","title":{"rendered":"Dia de les Lleng\u00fces 2017"},"content":{"rendered":"<p><span style=\"font-family: &quot;arial&quot; , &quot;helvetica&quot; , sans-serif;\">El passat dijous 25 de maig es va celebrar la novena edici\u00f3 del Dia de les Lleng\u00fces a Puigcerd\u00e0. Com cada any els nostres alumnes de cicle superior van participar de la jornada.<\/span><br \/><span style=\"font-family: &quot;arial&quot; , &quot;helvetica&quot; , sans-serif;\"><br \/><\/span><span style=\"font-family: &quot;arial&quot; , &quot;helvetica&quot; , sans-serif;\">El Dia de les Lleng\u00fces se celebra al Llac de Puigcerd\u00e0 i cada any els alumnes han de fer unes proves en les quatre lleng\u00fces que s&#8217;estudien a la comarca (Catal\u00e0, Castell\u00e0, Angl\u00e8s i Franc\u00e8s) i una de convidada, que aquest any era l&#8217;itali\u00e0.<\/span><br \/><span style=\"font-family: &quot;arial&quot; , &quot;helvetica&quot; , sans-serif;\"><br \/><\/span><span style=\"font-family: &quot;arial&quot; , &quot;helvetica&quot; , sans-serif;\">Els alumnes van gaudir d&#8217;all\u00f2 m\u00e9s durant tot el dia i van poder compartir experi\u00e8ncies amb altres alumnes de la comarca de la seva edat.<\/span><br \/><span style=\"font-family: &quot;arial&quot; , &quot;helvetica&quot; , sans-serif;\"><br \/><\/span><span style=\"font-family: &quot;arial&quot; , &quot;helvetica&quot; , sans-serif;\">De moment us deixem algunes imatges i a mesura que puguem us ampliarem la galeria!<\/span><\/p>\n<div style=\"clear: both; text-align: center;\"><\/div>\n<p>&nbsp;<span style=\"font-family: Arial, Helvetica, sans-serif;\">Per veure m\u00e9s imatges podeu clicar damunt de la foto!<\/span><br \/><span style=\"font-family: Arial, Helvetica, sans-serif;\"><br \/><\/span><span style=\"font-family: Arial, Helvetica, sans-serif;\"><br \/><\/span><\/p>\n<div style=\"clear: both; text-align: center;\"><a href=\"https:\/\/goo.gl\/photos\/62hVQKCYR9c5AkVh8\"><img loading=\"lazy\" decoding=\"async\" border=\"0\" data-original-height=\"1200\" data-original-width=\"1600\" height=\"240\" src=\"https:\/\/agora.xtec.cat\/escolabacdecerdanya\/wp-content\/uploads\/usu1753\/2017\/05\/IMG_3395-300x225.jpg\" width=\"320\" \/><\/a><span><\/span><a href=\"https:\/\/www.blogger.com\/\"><\/a><span><\/span><\/div>\n<p><span style=\"font-family: Arial, Helvetica, sans-serif;\"><br \/><\/span><\/p>\n<div style=\"clear: both; text-align: center;\"><\/div>\n<p><\/p>\n","protected":false},"excerpt":{"rendered":"<p>El passat dijous 25 de maig es va celebrar la novena edici\u00f3 del Dia de les Lleng\u00fces a Puigcerd\u00e0. Com cada any els nostres alumnes de cicle superior van participar de la jornada.El Dia de les Lleng\u00fces se celebra al Llac de Puigcerd\u00e0 i cada&hellip;  <a href=\"https:\/\/agora.xtec.cat\/escolabacdecerdanya\/cicle-superior\/dia-de-les-llengues-2017-2\/\" title=\"Read Dia de les Lleng\u00fces 2017\">Llegeix m\u00e9s\u00bb<\/a><\/p>\n","protected":false},"author":9,"featured_media":1798,"comment_status":"open","ping_status":"closed","sticky":false,"template":"","format":"standard","meta":{"_bbp_topic_count":0,"_bbp_reply_count":0,"_bbp_total_topic_count":0,"_bbp_total_reply_count":0,"_bbp_voice_count":0,"_bbp_anonymous_reply_count":0,"_bbp_topic_count_hidden":0,"_bbp_reply_count_hidden":0,"_bbp_forum_subforum_count":0,"footnotes":""},"categories":[105,76,145,150,156],"tags":[],"class_list":["post-1778","post","type-post","status-publish","format-standard","has-post-thumbnail","hentry","category-mitja","category-cicle-superior","category-dia-de-les-llengues","category-english","category-francais"],"post_mailing_queue_ids":[],"_links":{"self":[{"href":"https:\/\/agora.xtec.cat\/escolabacdecerdanya\/wp-json\/wp\/v2\/posts\/1778","targetHints":{"allow":["GET"]}}],"collection":[{"href":"https:\/\/agora.xtec.cat\/escolabacdecerdanya\/wp-json\/wp\/v2\/posts"}],"about":[{"href":"https:\/\/agora.xtec.cat\/escolabacdecerdanya\/wp-json\/wp\/v2\/types\/post"}],"author":[{"embeddable":true,"href":"https:\/\/agora.xtec.cat\/escolabacdecerdanya\/wp-json\/wp\/v2\/users\/9"}],"replies":[{"embeddable":true,"href":"https:\/\/agora.xtec.cat\/escolabacdecerdanya\/wp-json\/wp\/v2\/comments?post=1778"}],"version-history":[{"count":2,"href":"https:\/\/agora.xtec.cat\/escolabacdecerdanya\/wp-json\/wp\/v2\/posts\/1778\/revisions"}],"predecessor-version":[{"id":1813,"href":"https:\/\/agora.xtec.cat\/escolabacdecerdanya\/wp-json\/wp\/v2\/posts\/1778\/revisions\/1813"}],"wp:featuredmedia":[{"embeddable":true,"href":"https:\/\/agora.xtec.cat\/escolabacdecerdanya\/wp-json\/wp\/v2\/media\/1798"}],"wp:attachment":[{"href":"https:\/\/agora.xtec.cat\/escolabacdecerdanya\/wp-json\/wp\/v2\/media?parent=1778"}],"wp:term":[{"taxonomy":"category","embeddable":true,"href":"https:\/\/agora.xtec.cat\/escolabacdecerdanya\/wp-json\/wp\/v2\/categories?post=1778"},{"taxonomy":"post_tag","embeddable":true,"href":"https:\/\/agora.xtec.cat\/escolabacdecerdanya\/wp-json\/wp\/v2\/tags?post=1778"}],"curies":[{"name":"wp","href":"https:\/\/api.w.org\/{rel}","templated":true}]}}